{"provider_url": "https://www.adamantina.sp.leg.br", "title": "Resumo 46\u00aa Sess\u00e3o Ordin\u00e1ria", "html": "<p style=\"text-align: justify; \">Ontem, 20, a C\u00e2mara Municipal de Adamantina realizou a 46\u00aa Sess\u00e3o Ordin\u00e1ria desta Legislatura</p>\r\n<p style=\"text-align: justify; \"><span>Conforme <a class=\"external-link\" href=\"https://sapl.adamantina.sp.leg.br/media/sapl/public/materialegislativa/2023/14602/circular_010.pdf\" target=\"_blank\" title=\"\">Circular n\u00ba 010/2023</a>, foram apreciados e votados os projetos como segue:</span></p>\r\n<p style=\"text-align: center; \"><b>EM DISCUSS\u00c3O \u00daNICA</b></p>\r\n<p style=\"text-align: justify; \"><b><a class=\"external-link\" href=\"https://sapl.adamantina.sp.leg.br/media/sapl/public/materialegislativa/2023/14565/45a_projeto_de_decreto_legislativo_001_-_rafael_e_outros_titulo_de_cidadao_luis_carlos_galvao.pdf\" target=\"_blank\" title=\"\">Projeto de Decreto Legislativo n\u00ba 001/2023</a></b><span> \u2013 Vereadores Rafael Rodrigues Pacheco, Aguinaldo Pires Galv\u00e3o, Ant\u00f4nio Le\u00f4ncio da Silva e Alcio Roberto Ikeda J\u00fanior \u2013 que \u201cConcede ao Ilustr\u00edssimo Senhor Luiz Carlos Galv\u00e3o o T\u00edtulo de Cidad\u00e3o Adamantinense.\u201d\u00a0<strong>(APROVADO POR UNANIMIDADE)</strong></span></p>\r\n<p style=\"text-align: justify; \"><b><span><a class=\"external-link\" href=\"https://sapl.adamantina.sp.leg.br/media/sapl/public/materialegislativa/2023/14560/45a_projeto_de_lei_009_-_aguinaldo_e_outros_-_residencial_sol_nascente.pdf\" target=\"_blank\" title=\"\">Projeto de Lei n\u00ba 009/2023</a></span></b> \u2013 Vereadores Aguinaldo Pires Galv\u00e3o, Ricardo Soares Cangir\u00e3o e Cid Jos\u00e9 Aparecido dos Santos \u2013 que \u201cDisp\u00f5e sobre denomina\u00e7\u00e3o de pr\u00f3prios p\u00fablicos do Residencial Sol Nascente.\u201d\u00a0<strong>(APROVADO POR UNANIMIDADE)</strong></p>\r\n<p style=\"text-align: justify; \"><b><span><a class=\"external-link\" href=\"https://sapl.adamantina.sp.leg.br/media/sapl/public/materialegislativa/2023/14563/45a_projeto_de_lei_012_m_020_-_recape_convenio_10359-2022_-_abertura_de_credito_r_237.68413.pdf\" target=\"_blank\" title=\"\">Projeto de Lei n\u00ba 012/2023</a></span></b> \u2013 PM \u2013 que \u201cDisp\u00f5e sobre autoriza\u00e7\u00e3o para <i>abertura de cr\u00e9dito adicional suplementar </i>ao Or\u00e7amento da Prefeitura do Munic\u00edpio de Adamantina no valor total de R$ 237.684,13 para recapeamento asf\u00e1ltico e d\u00e1 outras provid\u00eancias.\u201d\u00a0<strong>(APROVADO POR UNANIMIDADE)</strong></p>\r\n<p style=\"text-align: justify; \"><b><span><a class=\"external-link\" href=\"https://sapl.adamantina.sp.leg.br/media/sapl/public/materialegislativa/2023/14564/45a_projeto_de_lei_013_m_021_-_pronto_pagamento_para_a_cobertura_de_despesas_-_lei_federal_n.o_14.133.pdf\" target=\"_blank\" title=\"\">Projeto de Lei n\u00ba 013/2023</a></span></b> \u2013 PM \u2013 que \u201cDisp\u00f5e sobre os procedimentos para pequenas compras e presta\u00e7\u00e3o de servi\u00e7os nos termos da Lei 14.133/2021 e d\u00e1 outras provid\u00eancias.\u201d\u00a0<strong>(APROVADO POR UNANIMIDADE)</strong></p>\r\n<p style=\"text-align: justify; \"><span>\u00a0</span></p>\r\n<p style=\"text-align: center; \"><b><span>EM PRIMEIRA DISCUSS\u00c3O</span></b></p>\r\n<p style=\"text-align: justify; \"><a class=\"external-link\" href=\"https://sapl.adamantina.sp.leg.br/media/sapl/public/materialegislativa/2023/14561/45a_projeto_de_lei_010_m_016_-_aquisicao_de_area_dist__industrial_r_2_000_00000.pdf\" target=\"_blank\" title=\"\"><b>Projeto de Lei n\u00ba 010/2023</b></a>\u00a0\u2013 PM \u2013 que \u201cDisp\u00f5e sobre autoriza\u00e7\u00e3o para <i>abertura de cr\u00e9dito adicional especial </i>ao Or\u00e7amento da Prefeitura do Munic\u00edpio de Adamantina no valor total de R$ 2.000.000,00, para aquisi\u00e7\u00e3o de \u00e1rea para o Distrito Industrial e d\u00e1 outras provid\u00eancias.\u201d\u00a0<strong>(APROVADO)</strong></p>\r\n<p style=\"text-align: justify; \"><b><span><a class=\"external-link\" href=\"https://sapl.adamantina.sp.leg.br/media/sapl/public/materialegislativa/2023/14566/45a_projeto_de_lei_complementar_007_m_014_-_dispoe_sobre_a_criacao_emprego_permanente_auxiliar_de_desenvolvimento_escolar__motorista_e_auxiliar_de_enfermagem_2.pdf\" target=\"_blank\" title=\"\">Projeto de Lei Complementar n\u00ba 007/2023</a></span></b> \u2013 PM \u2013 que \u201cDisp\u00f5e sobre a cria\u00e7\u00e3o de vagas de empregos permanentes de Auxiliar de Desenvolvimento Escolar, Motorista e Auxiliar de Enfermagem e altera\u00e7\u00e3o do Anexo I\u00a0 da Lei Complementar n.\u00ba 402, de 09 de agosto de 2022 e d\u00e1 outras provid\u00eancias.\u201d\u00a0<strong>(APROVADO POR UNANIMIDADE)</strong></p>\r\n<p style=\"text-align: justify; \"><b><span><a class=\"external-link\" href=\"https://sapl.adamantina.sp.leg.br/media/sapl/public/materialegislativa/2023/14567/45a_projeto_de_lei_complementar_008_m_015_-_autorizacao_para_alienacao_de_imoveis_area_circo.pdf\" target=\"_blank\" title=\"\">Projeto de Lei Complementar n\u00ba 008/2023</a></span></b> \u2013 PM \u2013 que \u201cDisp\u00f5e sobre a autoriza\u00e7\u00e3o para o Poder Executivo <i>alienar bens im\u00f3veis</i>, mediante Processo Licitat\u00f3rio, para a capta\u00e7\u00e3o de recursos financeiros que ser\u00e3o reinvestidos em bem im\u00f3vel e equipamentos e d\u00e1 outras provid\u00eancias.\u201d\u00a0<strong>(APROVADO)</strong></p>\r\n<p style=\"text-align: justify; \"><span>Ainda, foram apresentados\u00a0</span><strong>6 Requerimentos</strong><span>,\u00a0</span><strong>31 Indica\u00e7\u00f5es\u00a0</strong><span>e\u00a0</span><strong>1 Mo\u00e7\u00e3o de Congratula\u00e7\u00f5es Aplausos</strong><span>.</span></p>\r\n<p>A reuni\u00e3o contou com a presen\u00e7a de todos os vereadores.</p>\r\n<p>Assista na \u00edntegra a sess\u00e3o em nossa p\u00e1gina no\u00a0<a class=\"external-link\" href=\"https://www.youtube.com/watch?v=M_AV-Yh74Iw\" target=\"_blank\" title=\"\">YouTube</a>.</p>\r\n<p>Toda comunidade \u00e9 convidada a acompanhar as sess\u00f5es ao vivo pelo\u00a0<a class=\"external-link\" href=\"https://www.facebook.com/CamaraAdamantina\" target=\"_blank\" title=\"\">facebook</a>,\u00a0bem como pela\u00a0R\u00e1dio Cultura, 99,3 FM, TV Cidade e nosso canal no\u00a0<a class=\"external-link\" href=\"https://www.youtube.com/channel/UCzAAhbjCyaxL-tD4m-Zsd-g\" target=\"_blank\" title=\"\">Youtube</a>.</p>", "author_name": "", "version": "1.0", "author_url": "https://www.adamantina.sp.leg.br/author/adm", "provider_name": "C\u00e2mara Municipal de Adamantina", "type": "rich"}