{"provider_url": "https://www.adamantina.sp.leg.br", "title": "Resumo 45\u00aa Sess\u00e3o Ordin\u00e1ria", "html": "<p style=\"text-align: justify; \">Ontem, 04, esta Casa de Leis realizou a <strong>45\u00aa Sess\u00e3o Ordin\u00e1ria</strong> desta Legislatura.</p>\r\n<p style=\"text-align: justify; \">Foram apreciados e votados\u00a0<strong>56 Indica\u00e7\u00f5es</strong>, em sua maioria solicitando melhorias \u00e0 cidade,\u00a0<strong>29 Requerimentos</strong>, em grande parte solicitando recursos financeiros ao munic\u00edpio, e\u00a0<strong>3 Mo\u00e7\u00f5es de Congratula\u00e7\u00f5es e Aplausos</strong>.</p>\r\n<p style=\"text-align: justify; \">Ainda, foram apresentados, conforme Circular n\u00ba 001/19 os projetos como segue, EM DISCUSS\u00c3O \u00daNICA:</p>\r\n<p style=\"text-align: justify; \"><b><span>* Projeto de Lei n\u00ba 065/18</span></b> \u2013 PM \u2013 que \u201cDisp\u00f5e sobre san\u00e7\u00f5es aos propriet\u00e1rios de im\u00f3veis que possibilitem a prolifera\u00e7\u00e3o de mosquito Aedes Aegypt no munic\u00edpio de Adamantina e d\u00e1 outras provid\u00eancias\u201d. <b>O projeto recebeu Emenda Modificativa n\u00ba 001/19, de autoria da Comiss\u00e3o de Educa\u00e7\u00e3o, Cultura, Esportes, Sa\u00fade e Promo\u00e7\u00e3o Social, em anexo. (APROVADO POR UNANIMIDADE)</b></p>\r\n<p style=\"text-align: justify; \"><b><span>* Veto Parcial \u00e0 Emenda Modificativa n\u00ba 008/18 ao Projeto de Lei Complementar n\u00ba 024/18</span></b> \u2013 PM \u2013 que \u201cDisp\u00f5e sobre a altera\u00e7\u00e3o da Lei Complementar n\u00ba 260, de 25 de abril de 2016, que disp\u00f5e sobre a autoriza\u00e7\u00e3o para que o Chefe do Poder Executivo possa efetuar a complementa\u00e7\u00e3o salarial para os Agentes Comunit\u00e1rios de Sa\u00fade e Agentes de Controle de Vetores, vinculado ao repasse do Governo Federal.\u201d\u00a0<strong>(APROVADO)</strong>.</p>\r\n<p style=\"text-align: justify; \">Estiveram presentes na reuni\u00e3o, todos os vereadores, representantes da comunidade e membros da imprensa escrita e falada.</p>\r\n<p style=\"text-align: justify; \">A pr\u00f3xima Sess\u00e3o Ordin\u00e1ria (46\u00aa) ser\u00e1 realizada dia 18 de fevereiro no Plen\u00e1rio Vereador Jos\u00e9 Ikeda, com in\u00edcio \u00e0s 20h. Toda comunidade \u00e9 convidada a participar.</p>", "author_name": "adt", "version": "1.0", "author_url": "https://www.adamantina.sp.leg.br/author/adt", "provider_name": "C\u00e2mara Municipal de Adamantina", "type": "rich"}