{"provider_url": "https://www.adamantina.sp.leg.br", "title": "Resumo 45\u00aa Sess\u00e3o Extraordin\u00e1ria", "html": "<p style=\"text-align: justify; \">No dia 15 de janeiro, a C\u00e2mara Municipal de Adamantina realizou a 45\u00aa Sess\u00e3o Extraordin\u00e1ria desta Legislatura.</p>\r\n<p style=\"text-align: justify; \">Conforme <a class=\"external-link\" href=\"https://sapl.adamantina.sp.leg.br/media/sapl/public/materialegislativa/2024/15432/circular_001_-_45a_extraordinaria.pdf\" target=\"_blank\" title=\"\">Circular n\u00ba 001/2024</a> foram apreciados e votados, em Discuss\u00e3o \u00danica os projetos como segue:</p>\r\n<p style=\"text-align: justify; \"><a class=\"external-link\" href=\"https://sapl.adamantina.sp.leg.br/media/sapl/public/materialegislativa/2024/15433/projeto_de_lei_001_-_m_001_-_descontos_para_alunos_do_centro_universitario_de_adamantina__unifai.pdf\" target=\"_blank\" title=\"\"><b>Projeto de Lei n\u00ba </b><b>001/202</b><b>4</b></a><span> \u2013 PM \u2013 que \u201cDisp\u00f5e sobre altera\u00e7\u00e3o da Lei n\u00ba 3.748, de 08 de mar\u00e7o de 2017 e d\u00e1 outras provid\u00eancias (desconto para alunos do Centro Universit\u00e1rio de Adamantina \u2013 UNIFAI).\u201d</span></p>\r\n<p style=\"text-align: justify; \"><a class=\"external-link\" href=\"https://sapl.adamantina.sp.leg.br/media/sapl/public/materialegislativa/2024/15434/projeto_de_lei_002_-_m_002_-_autoriza_abertura_de_credito_r_345.00000_-iluminacao_posto_de_saude.pdf\" target=\"_blank\" title=\"\"><b><span>Projeto de Lei n\u00ba </span></b><b><span>002/202</span></b><b><span>4</span></b></a> \u2013 PM \u2013 que \u201cDisp\u00f5e sobre autoriza\u00e7\u00e3o para abertura de cr\u00e9dito especial ao or\u00e7amento da Prefeitura do Munic\u00edpio de Adamantina no valor de R$ 345.000,00 e d\u00e1 outras provid\u00eancias (troca do padr\u00e3o de energia e reforma de toda rede el\u00e9trica do Centro de Sa\u00fade.\u201d</p>\r\n<p style=\"text-align: justify; \"><a class=\"external-link\" href=\"https://sapl.adamantina.sp.leg.br/media/sapl/public/materialegislativa/2024/15435/projeto_de_lei_003_-_m_003_-_autoriza_abertura_de_credito_r_400.00000_-emenda_eleuses_paiva.pdf\" target=\"_blank\" title=\"\"><b><span>Projeto de Lei n\u00ba </span></b><b><span>003/202</span></b><b><span>4</span></b></a> \u2013 PM \u2013 que \u201cDisp\u00f5e sobre autoriza\u00e7\u00e3o para abertura de cr\u00e9dito adicional suplementar ao or\u00e7amento da Prefeitura do Munic\u00edpio de Adamantina no valor de R$ 400.000,00 e d\u00e1 outras provid\u00eancias (recurso destinado pelo Secret\u00e1rio de Sa\u00fade do Estado de S\u00e3o Paulo, Dr. Eleuses Paiva, para custeio da sa\u00fade do Munic\u00edpio.\u201d</p>\r\n<p>Os projetos foram aprovados por unanimidade.</p>\r\n<p>A reuni\u00e3o contou com a presen\u00e7a de todos os vereadores.</p>\r\n<p>Toda comunidade \u00e9 convidada a acompanhar as sess\u00f5es ao vivo pelo\u00a0<a class=\"external-link\" href=\"https://www.facebook.com/CamaraAdamantina\" target=\"_blank\" title=\"\">facebook</a>,\u00a0bem como pela\u00a0R\u00e1dio Cultura, 99,3 FM, TV Cidade e nosso canal no\u00a0<a class=\"external-link\" href=\"https://www.youtube.com/@cmatransmissao\" target=\"_blank\" title=\"\">Youtube</a>.</p>", "author_name": "", "version": "1.0", "author_url": "https://www.adamantina.sp.leg.br/author/adm", "provider_name": "C\u00e2mara Municipal de Adamantina", "type": "rich"}