{"provider_url": "https://www.adamantina.sp.leg.br", "title": "Resumo 44\u00aa Sess\u00e3o Extraordin\u00e1ria ", "html": "<p>No dia 15 de dezembro a C\u00e2mara Municipal de Adamantina realizou a 44\u00aa Sess\u00e3o Extraordin\u00e1ria desta Legislatura.</p>\r\n<p>Conforme <a class=\"external-link\" href=\"https://sapl.adamantina.sp.leg.br/media/sapl/public/materialegislativa/2023/15431/circular_065_-_44a_extraordinaria.pdf\" target=\"_blank\" title=\"\">Circular n\u00ba 065/2023</a> foi apreciado e votado,\u00a0<b>EM DISCUSS\u00c3O \u00daNICA</b>,<strong> </strong>o<strong>\u00a0</strong><b><a class=\"external-link\" href=\"https://sapl.adamantina.sp.leg.br/media/sapl/public/materialegislativa/2023/15428/projeto_de_lei_117__m_142_-_autoriza_contratar_financiamento_caixa_federal_-_recape_e_galerias.pdf\" target=\"_blank\" title=\"\">Projeto de Lei n\u00ba 117/2023</a></b><span> \u2013 PM \u2013 que \u201cAutoriza o Poder Executivo a contratar opera\u00e7\u00f5es de cr\u00e9dito com a Caixa Econ\u00f4mica Federal e d\u00e1 outra provid\u00eancias.\u201d\u00a0</span></p>\r\n<p><span>O projeto foi aprovado por unanimidade.</span></p>\r\n<p>A reuni\u00e3o contou com a presen\u00e7a de todos os vereadores.</p>\r\n<p><span>Toda comunidade \u00e9 convidada a acompanhar as sess\u00f5es ao vivo pelo\u00a0</span><a class=\"external-link\" href=\"https://www.facebook.com/CamaraAdamantina\" target=\"_blank\" title=\"\">facebook</a><span>,\u00a0bem como pela\u00a0R\u00e1dio Cultura, 99,3 FM, TV Cidade e nosso canal no\u00a0</span><a class=\"external-link\" href=\"https://www.youtube.com/@cmatransmissao\" target=\"_blank\" title=\"\">Youtube</a><span>.</span></p>\r\n<p><span><br /></span></p>", "author_name": "", "version": "1.0", "author_url": "https://www.adamantina.sp.leg.br/author/adm", "provider_name": "C\u00e2mara Municipal de Adamantina", "type": "rich"}