{"provider_url": "https://www.adamantina.sp.leg.br", "title": "Resumo 42\u00aa Sess\u00e3o Ordin\u00e1ria", "html": "<p style=\"text-align: justify; \">Ontem, 19, a C\u00e2mara Municipal de Adamantina realizou a 42\u00aa Sess\u00e3o Ordin\u00e1ria desta Legislatura, \u00faltima do ano.</p>\r\n<p style=\"text-align: justify; \">Conforme <a class=\"external-link\" href=\"https://sapl.adamantina.sp.leg.br/media/sapl/public/materialegislativa/2022/14381/circular_060_-_42a_sessao_ordinaria.pdf\" target=\"_blank\" title=\"\">Circular n\u00ba 060/2022</a> foram apreciados e votados os projetos abaixo:</p>\r\n<p style=\"text-align: center; \"><b><span>EM DISCUSS\u00c3O \u00daNICA</span></b></p>\r\n<p style=\"text-align: justify; \"><b><a class=\"external-link\" href=\"https://sapl.adamantina.sp.leg.br/media/sapl/public/materialegislativa/2022/14365/41a_projeto_de_decreto_legislativo_002_-_alcio_e_outros_-_titulo_cidadao_nivaldo_martins_do_nascimento.pdf\" target=\"_blank\" title=\"\">Projeto de Decreto Legislativo n\u00ba 002/2022</a></b><span> \u2013 Vereadores Alcio Roberto Ikeda J\u00fanior, Ant\u00f4nio Le\u00f4ncio da Sila, Rafael Rodrigues Pacheco e Cid Jos\u00e9 Aparecido dos Santos \u2013 que \u201cConcede ao Ilustr\u00edssimo Senhor Nivaldo Martins do Nascimento o T\u00edtulo de Cidad\u00e3o Adamantinense\u201d.</span></p>\r\n<p style=\"text-align: justify; \"><a class=\"external-link\" href=\"https://sapl.adamantina.sp.leg.br/media/sapl/public/materialegislativa/2022/14140/36a_projeto_de_lei_062_-_m_078_-_regulamenta_o_controle_interno_prefeitura.pdf\" target=\"_blank\" title=\"\"><b><span>Projeto de Lei n\u00ba 0</span></b><b><span>62/22</span></b></a> - PM \u2013 que \u201cDisp\u00f5e sobre a regulamenta\u00e7\u00e3o do Sistema de Controle Interno do Munic\u00edpio de Adamantina e d\u00e1 outras provid\u00eancias\u201d. Referido projeto recebeu emenda.</p>\r\n<p style=\"text-align: justify; \"><a class=\"external-link\" href=\"https://sapl.adamantina.sp.leg.br/media/sapl/public/materialegislativa/2022/14352/41a_projeto_de_lei_093_-_paulo_denominacao_de_rua_residencial_monte_alegre.pdf\" target=\"_blank\" title=\"\"><b><span>Projeto de Lei n\u00ba 0</span></b><b><span>93/22</span></b></a> \u2013 Vereador Paulo C\u00e9sar Cervelheira de Oliveira \u2013 que \u201c Disp\u00f5e sobre a denomina\u00e7\u00e3o de logradouros p\u00fablicos do Residencial Monte Carlo II\u201d.</p>\r\n<p style=\"text-align: justify; \"><a class=\"external-link\" href=\"https://sapl.adamantina.sp.leg.br/media/sapl/public/materialegislativa/2022/14353/41a_projeto_de_lei_094_-_m_108_-_termo_de_colaboracao_unifai_e_santa_casa_tupa.pdf\" target=\"_blank\" title=\"\"><b><span>Projeto de Lei n\u00ba 0</span></b><b><span>94/22</span></b></a> \u2013 PM \u2013 que \u201cDisp\u00f5e sobre autoriza\u00e7\u00e3o para que o Centro Universit\u00e1rio de Adamantina - UNIFAI possa formalizar Termo de Colabora\u00e7\u00e3o com a Santa Casa de Miseric\u00f3rdia de Tup\u00e3, nos termos da Lei Federal n.\u00ba 13.019/14 e suas altera\u00e7\u00f5es e d\u00e1 outras provid\u00eancias, objetivando ampliar os campos de pr\u00e1tica do curso de Medicina\u201d.</p>\r\n<p style=\"text-align: justify; \"><a class=\"external-link\" href=\"https://sapl.adamantina.sp.leg.br/media/sapl/public/materialegislativa/2022/14354/41a_projeto_de_lei_complementar_025_-_m_106-_altera_a_lei_compl__379_-_concessao_area_-_transmassei.pdf\" target=\"_blank\" title=\"\"><b><span>Projeto de Lei </span></b><b><span>Complementar </span></b><b><span>n\u00ba 0</span></b><b><span>25/22</span></b></a> \u2013 PM \u2013 que \u201cAltera a Lei Complementar n\u00ba 379, de 17 de dezembro de 2021, que disp\u00f5e sobre autoriza\u00e7\u00e3o para que o Chefe do Poder Executivo possa outorgar Concess\u00e3o de Direito Real de Uso de Im\u00f3vel \u00e0 TRANSMASSEI TRANSPORTE &amp; LOG\u00cdSTICA LTDA. (refere-se \u00e0 regulariza\u00e7\u00e3o somente da localiza\u00e7\u00e3o do terreno, corre\u00e7\u00e3o do endere\u00e7o)\u201d.</p>\r\n<p style=\"text-align: justify; \"><a class=\"external-link\" href=\"https://sapl.adamantina.sp.leg.br/media/sapl/public/materialegislativa/2022/14355/41a_projeto_de_lei_complementar_026_-_m_107_-_dispoe_sobre_autorizacao_para_a_doacao_de_area_que_especifica_-_marcelo_jose_jorge.pdf\" target=\"_blank\" title=\"\"><b><span>Projeto de Lei </span></b><b><span>Complementar </span></b><b><span>n\u00ba 0</span></b><b><span>26/22</span></b></a> \u2013 PM \u2013 que \u201cDisp\u00f5e sobre autoriza\u00e7\u00e3o para o Chefe do Poder Executivo alienar, por doa\u00e7\u00e3o, \u00e0 empresa MARCELO JOS\u00c9 JORGE - ME o im\u00f3vel que espec\u00edfica, tendo em vista o cumprimento das obriga\u00e7\u00f5es assumidas no contrato de concess\u00e3o\u201d.</p>\r\n<p style=\"text-align: justify; \"><a class=\"external-link\" href=\"https://sapl.adamantina.sp.leg.br/media/sapl/public/materialegislativa/2022/14356/41a_projeto_de_lei_complementar_027_-_m_109_-_autoriza_receber_em_doacao_imovel_area_de_terras_comercial_moto_oeste.pdf\" target=\"_blank\" title=\"\"><b><span>Projeto de Lei </span></b><b><span>Complementar </span></b><b><span>n\u00ba 0</span></b><b><span>27/22</span></b></a> \u2013 PM \u2013 que \u201cDisp\u00f5e sobre autoriza\u00e7\u00e3o para o Chefe do Poder Executivo Municipal receber em <i>doa\u00e7\u00e3o im\u00f3vel </i>que especifica e d\u00e1 outras provid\u00eancias (regulariza\u00e7\u00e3o do terreno da empresa Moto Oeste Ltda., \u00e1rea comercial)\u201d.</p>\r\n<p style=\"text-align: justify; \">\u00a0</p>\r\n<p style=\"text-align: center; \"><b><span>EM SEGUNDA DISCUSS\u00c3O E REDA\u00c7\u00c3O FINAL</span></b></p>\r\n<p style=\"text-align: justify; \">\u00a0</p>\r\n<p style=\"text-align: justify; \"><a class=\"external-link\" href=\"https://sapl.adamantina.sp.leg.br/media/sapl/public/materialegislativa/2022/14223/38a_projeto_de_lei_072_-_m_076_-_loa_2023.pdf\" target=\"_blank\" title=\"\"><b><span>Projeto de Lei n\u00ba 0</span></b><b><span>72/22</span></b></a> \u2013 PM \u2013 que \u201cEstima a Receita e Fixa a Despesa do Munic\u00edpio de Adamantina para o exerc\u00edcio de 2023\u201d. Referido projeto recebeu emendas.</p>\r\n<p style=\"text-align: justify; \"><a class=\"external-link\" href=\"https://sapl.adamantina.sp.leg.br/media/sapl/public/materialegislativa/2022/14349/41a_projeto_de_lei_090_-_m_104_-_concessao_de_subvencoes_e_contribuicoes_-_2023_rev._lei_4176.pdf\" target=\"_blank\" title=\"\"><b><span>Projeto de Lei n\u00ba 0</span></b><b><span>90/22</span></b></a> \u2013 PM \u2013 que \u201c Disp\u00f5e sobre concess\u00e3o de subven\u00e7\u00f5es, aux\u00edlios, contribui\u00e7\u00f5es e conv\u00eanios, termo de colabora\u00e7\u00e3o/fomento \u00e0s entidades de nosso munic\u00edpio\u201d. Referido projeto recebeu emendas.</p>\r\n<p style=\"text-align: justify; \">E tamb\u00e9m, conforme <a class=\"external-link\" href=\"https://sapl.adamantina.sp.leg.br/media/sapl/public/materialegislativa/2022/14409/requerimento_urgencia_especial.pdf\" target=\"_blank\" title=\"\">Requerimento de Urg\u00eancia Especial n\u00ba 001/2022</a>, aprovado em Sess\u00e3o Plen\u00e1ria, foram apreciados em <strong>Discuss\u00e3o \u00danica</strong>\u00a0<span>os projetos:</span></p>\r\n<p style=\"text-align: justify; \"><a class=\"external-link\" href=\"https://sapl.adamantina.sp.leg.br/media/sapl/public/materialegislativa/2022/14407/42a_projeto_de_lei_095_-_m_111_-_abertura_de_credito_r_9.00000_-_fundeb.pdf\" target=\"_blank\" title=\"\"><b><span>Projeto de Lei n\u00ba 095/2022</span></b> </a>\u2013 PM \u2013 que \u201cDisp\u00f5e sobre autoriza\u00e7\u00e3o para <i>abertura de cr\u00e9dito especial </i>ao Or\u00e7amento da Prefeitura do Munic\u00edpio de Adamantina no valor total de R$ 9.000,00 e d\u00e1 outras provid\u00eancias\u201d</p>\r\n<p style=\"text-align: justify; \"><b><span><a class=\"external-link\" href=\"https://sapl.adamantina.sp.leg.br/media/sapl/public/materialegislativa/2022/14408/42a_projeto_de_lei_096_-_m_112_-_abertura_de_credito_-_r_2.848.00000__-_folha_de_pagamento.pdf\" target=\"_blank\" title=\"\">Projeto de Lei n\u00ba 096/2022</a></span></b> \u2013 PM \u2013 que \u201cDisp\u00f5e sobre autoriza\u00e7\u00e3o para <i>abertura de cr\u00e9dito adicional suplementar </i>ao Or\u00e7amento da Prefeitura do Munic\u00edpio de Adamantina no valor total de R$ 2.848.000,00 e d\u00e1 outras provid\u00eancias.\u201d</p>\r\n<p style=\"text-align: justify; \">Todos os projetos foram aprovados por unanimidade conforme as respectivas discuss\u00f5es.</p>\r\n<p>Ainda, foram apresentados\u00a0<strong>6 Requerimentos</strong>, <strong>17\u00a0Indica\u00e7\u00f5es</strong>\u00a0e\u00a0<strong>1</strong><strong>\u00a0Mo\u00e7\u00e3o de Congratula\u00e7\u00f5es e Aplausos</strong>.</p>\r\n<p>Assista na \u00edntegra a sess\u00e3o em nossa p\u00e1gina no\u00a0<a class=\"external-link\" href=\"https://www.facebook.com/CamaraAdamantina/videos/1209691452962906\" target=\"_blank\" title=\"\">Facebook</a>.</p>\r\n<p>A C\u00e2mara Municipal entrar\u00e1 em Recesso Legislativo de 23 de dezembro de 2022 a 1\u00aa de fevereiro de 2023.</p>\r\n<p>Toda comunidade \u00e9 convidada a acompanhar as sess\u00f5es ao vivo pelo\u00a0<a class=\"external-link\" href=\"https://www.facebook.com/CamaraAdamantina\" target=\"_blank\" title=\"\">facebook</a>,\u00a0bem como pela\u00a0R\u00e1dio Cultura, 99,3 FM, TV Cidade e nosso canal no\u00a0<a class=\"external-link\" href=\"https://www.youtube.com/channel/UCzAAhbjCyaxL-tD4m-Zsd-g\" target=\"_blank\" title=\"\">Youtube</a>.</p>", "author_name": "", "version": "1.0", "author_url": "https://www.adamantina.sp.leg.br/author/adm", "provider_name": "C\u00e2mara Municipal de Adamantina", "type": "rich"}