{"provider_url": "https://www.adamantina.sp.leg.br", "title": "Resumo 42\u00aa Sess\u00e3o Extraordin\u00e1ria", "html": "<p style=\"text-align: justify; \">Hoje, 16, a C\u00e2mara Municipal de Adamantina realizou a 42\u00aa Sess\u00e3o Extraordin\u00e1ria.</p>\r\n<p style=\"text-align: justify; \">Conforme <a class=\"external-link\" href=\"https://sapl.adamantina.sp.leg.br/media/sapl/public/materialegislativa/2023/15336/circular_056_-_42a_sessao_extraordinaria.pdf\" target=\"_blank\" title=\"\">Circular n\u00ba 056/2023</a> foi apreciado e votado,\u00a0<b>EM DISCUSS\u00c3O \u00daNICA</b>,<b>\u00a0</b>o<b>\u00a0</b><a class=\"external-link\" href=\"https://sapl.adamantina.sp.leg.br/media/sapl/public/materialegislativa/2023/15305/61a_projeto_de_lei_096_-_m_118_-_autoriza_celebrar_convenio_lucelia_e_osvaldo_cruz_-_serv._acolhimento_a_mulher.pdf\" target=\"_blank\" title=\"\"><b>Projeto de Lei n\u00ba 0</b><b>96/23</b></a>, de autoria do Prefeito Municipal,<span>\u00a0que \u201cAutoriza o Poder Executivo Municipal a celebrar conv\u00eanio com os Munic\u00edpios de Osvaldo Cruz e de Luc\u00e9lia, de forma espec\u00edfica, para a implanta\u00e7\u00e3o e execu\u00e7\u00e3o do servi\u00e7o de acolhimento institucional destinado \u00e0s mulheres\u00a0 que\u00a0 estejam vivenciando situa\u00e7\u00f5es de viol\u00eancia e d\u00e1 outras provid\u00eancias\u201d.</span></p>\r\n<p style=\"text-align: justify; \"><span>O projeto foi aprovado por unanimidade.</span></p>\r\n<p>A reuni\u00e3o contou com a presen\u00e7a de todos os vereadores.</p>\r\n<p>Assista na \u00edntegra a sess\u00e3o em p\u00e1gina no\u00a0<a class=\"external-link\" href=\"https://www.facebook.com/CamaraAdamantina/videos/887589059611275\" target=\"_blank\" title=\"\">Facebook</a>.</p>\r\n<p>Toda comunidade \u00e9 convidada a acompanhar as sess\u00f5es ao vivo pelo\u00a0<a class=\"external-link\" href=\"https://www.facebook.com/CamaraAdamantina\" target=\"_blank\" title=\"\">facebook</a>,\u00a0bem como pela\u00a0R\u00e1dio Cultura, 99,3 FM, TV Cidade e nosso canal no\u00a0<a class=\"external-link\" href=\"https://www.youtube.com/@cmatransmissao\" target=\"_blank\" title=\"\">Youtube</a>.</p>", "author_name": "", "version": "1.0", "author_url": "https://www.adamantina.sp.leg.br/author/adm", "provider_name": "C\u00e2mara Municipal de Adamantina", "type": "rich"}