{"provider_url": "https://www.adamantina.sp.leg.br", "title": "Resumo 41\u00aa Sess\u00e3o Extraordin\u00e1ria", "html": "<p style=\"text-align: justify; \">No \u00faltimo dia 09 de novembro, a C\u00e2mara Municipal de Adamantina realizou a 41\u00aa Sess\u00e3o Extraordin\u00e1ria.</p>\r\n<p style=\"text-align: justify; \">Conforme <a class=\"external-link\" href=\"https://sapl.adamantina.sp.leg.br/media/sapl/public/materialegislativa/2023/15311/circular_55.pdf\" target=\"_blank\" title=\"\">Circular n\u00ba 055/2023</a> foram apreciados em Discuss\u00e3o \u00danica, os projetos como segue:</p>\r\n<p style=\"text-align: justify; \"><a class=\"external-link\" href=\"https://sapl.adamantina.sp.leg.br/media/sapl/public/materialegislativa/2023/15301/61a_projeto_de_lei_092_m_113_-_abertura_de_credito_r_645.00000_-_saude_assistencia_e_rcc.pdf\" target=\"_blank\" title=\"\"><b>Projeto de Lei n\u00ba </b><b>092/2023</b></a><span> \u2013 PM \u2013 que \u201cDisp\u00f5e sobre autoriza\u00e7\u00e3o para </span><i>abertura de cr\u00e9dito adicional suplementar </i><span>ao Or\u00e7amento da Prefeitura do Munic\u00edpio de Adamantina no valor total de R$ 645.000,00 e d\u00e1 outras provid\u00eancias, \u00e0 Secretaria Municipal de Sa\u00fade, Assist\u00eancia Social e Obras e Servi\u00e7os.\u201d</span></p>\r\n<p style=\"text-align: justify; \"><a class=\"external-link\" href=\"https://sapl.adamantina.sp.leg.br/media/sapl/public/materialegislativa/2023/15302/61a_projeto_de_lei_093_m_114_-_repasse_p_sta_casa_r500.00000.pdf\" target=\"_blank\" title=\"\"><b><span>Projeto de Lei n\u00ba 0</span></b><b><span>93/23</span></b></a> \u2013 PM \u2013 que \u201cDisp\u00f5e sobre autoriza\u00e7\u00e3o para a Prefeitura do Munic\u00edpio de Adamantina abrir cr\u00e9dito adicional suplementar e repassar \u00e0 Associa\u00e7\u00e3o Lar S\u00e3o Francisco de Assis na Provid\u00eancia de Deus \u2013 Santa Casa de Adamantina, aux\u00edlio financeiro e d\u00e1 outras provid\u00eancias.\u201d</p>\r\n<p style=\"text-align: justify; \"><a class=\"external-link\" href=\"https://sapl.adamantina.sp.leg.br/media/sapl/public/materialegislativa/2023/15303/61a_projeto_de_lei_094_m_115_-_abertura_de_credito_especial_unifai_-_r__1.650.00000.pdf\" target=\"_blank\" title=\"\"><b><span>Projeto de Lei n\u00ba 0</span></b><b><span>94/23</span></b></a> \u2013 PM \u2013 que \u201cDisp\u00f5e sobre autoriza\u00e7\u00e3o para <i>abertura de cr\u00e9dito especial </i>ao Or\u00e7amento da Prefeitura do Munic\u00edpio de Adamantina no valor total de R$ 1.650.000,00 (um milh\u00e3o, seiscentos e cinquenta mil reais), para atender as necessidades da Pr\u00f3-Reitoria de Pesquisa e P\u00f3s-Gradua\u00e7\u00e3o referente \u00e0 cria\u00e7\u00e3o do curso de mestrado Stricto Sensu.\u201d</p>\r\n<p style=\"text-align: justify; \"><a class=\"external-link\" href=\"https://sapl.adamantina.sp.leg.br/media/sapl/public/materialegislativa/2023/15304/61a_projeto_de_lei_095_-_m_117_-_repasse_lar_dos_velhos_r100.00000.pdf\" target=\"_blank\" title=\"\"><b><span>Projeto de Lei n\u00ba 0</span></b><b><span>95/23</span></b></a> \u2013 PM \u2013 que \u201cDisp\u00f5e sobre autoriza\u00e7\u00e3o para a Prefeitura do Munic\u00edpio de Adamantina abrir cr\u00e9dito adicional suplementar e repassar ao Lar dos Velhos Obra Unida a Sociedade de S\u00e3o Vicente de Paulo de Adamantina (Lar dos Velhos Adamantina), aux\u00edlio financeiro e d\u00e1 outras provid\u00eancias.\u201d</p>\r\n<p style=\"text-align: justify; \">Todos os projetos foram aprovados por unanimidade.</p>\r\n<p>A reuni\u00e3o contou com a presen\u00e7a de todos os vereadores.</p>\r\n<p>Assista na \u00edntegra a sess\u00e3o em p\u00e1gina no\u00a0<a class=\"external-link\" href=\"https://www.facebook.com/CamaraAdamantina/videos/367959645653691/\" target=\"_blank\" title=\"\">Facebook</a>.</p>\r\n<p>Toda comunidade \u00e9 convidada a acompanhar as sess\u00f5es ao vivo pelo\u00a0<a class=\"external-link\" href=\"https://www.facebook.com/CamaraAdamantina\" target=\"_blank\" title=\"\">facebook</a>,\u00a0bem como pela\u00a0R\u00e1dio Cultura, 99,3 FM, TV Cidade e nosso canal no\u00a0<a class=\"external-link\" href=\"https://www.youtube.com/@cmatransmissao\" target=\"_blank\" title=\"\">Youtube</a>.</p>", "author_name": "", "version": "1.0", "author_url": "https://www.adamantina.sp.leg.br/author/adm", "provider_name": "C\u00e2mara Municipal de Adamantina", "type": "rich"}