{"provider_url": "https://www.adamantina.sp.leg.br", "title": "Resumo 41\u00aa Sess\u00e3o Ordin\u00e1ria", "html": "<p style=\"text-align: justify; \">Na \u00faltima quarta-feira, 07, a C\u00e2mara Municipal de Adamantina realizou a 41\u00aa Sess\u00e3o Ordin\u00e1ria desta Legislatura.</p>\r\n<p style=\"text-align: justify; \">Conforme <a class=\"external-link\" href=\"https://sapl.adamantina.sp.leg.br/media/sapl/public/materialegislativa/2022/14346/circular_57.pdf\" target=\"_blank\" title=\"\">Circular n\u00ba 057/2022</a>, foram apreciados e votados os projetos como segue:</p>\r\n<p style=\"text-align: center; \"><b><span>EM DISCUSS\u00c3O \u00daNICA</span></b></p>\r\n<p style=\"text-align: justify; \"><b><a class=\"external-link\" href=\"https://sapl.adamantina.sp.leg.br/media/sapl/public/materialegislativa/2022/14311/40a_projeto_de_lei_085_-_m_102-_abono_natalino_-_unifai.pdf\" target=\"_blank\" title=\"\">Projeto de Lei n\u00ba 085/22</a></b><span> \u2013 PM \u2013 que \u201cDisp\u00f5e sobre autoriza\u00e7\u00e3o para que o Centro Universit\u00e1rio de Adamantina - UNIFAI possa conceder abono natalino especial aos servidores da institui\u00e7\u00e3o e d\u00e1 outras provid\u00eancias\u201d.</span></p>\r\n<p style=\"text-align: justify; \"><b><span><a class=\"external-link\" href=\"https://sapl.adamantina.sp.leg.br/media/sapl/public/materialegislativa/2022/14312/40a_projeto_de_lei_086_-_m_101_-_gratificacao_natalina_aos_servidores_da_prefeituras.pdf\" target=\"_blank\" title=\"\">Projeto de Lei n\u00ba 086/22</a></span></b> \u2013 PM - que \u201cDisp\u00f5e sobre autoriza\u00e7\u00e3o para que o Chefe do Poder Executivo possa conceder abono natalino especial aos servidores ativos e inativos da Administra\u00e7\u00e3o Direta do Munic\u00edpio de Adamantina e d\u00e1 outras provid\u00eancias\u201d.</p>\r\n<p style=\"text-align: justify; \"><b><span><a class=\"external-link\" href=\"https://sapl.adamantina.sp.leg.br/media/sapl/public/materialegislativa/2022/14313/40a_projeto_de_lei_087_-_diploma_duque_de_caxias_de_honra_ao_merito.pdf\" target=\"_blank\" title=\"\">Projeto de Lei n\u00ba 087/22</a></span></b> \u2013 Vereadores Paulo C\u00e9sar Cervelheira de Oliveira, Noriko ONishi Saito, Alcio Roberto Ikeda J\u00fanior e H\u00e9lio Jos\u00e9 dos Santos \u2013 que \u201cInstitui o Diploma Duque de Caxias de Honra ao M\u00e9rito aos atiradores destaques do ano do Tiro de Guerra e d\u00e1 outras provid\u00eancias\u201d.</p>\r\n<p style=\"text-align: justify; \"><a class=\"external-link\" href=\"https://sapl.adamantina.sp.leg.br/media/sapl/public/materialegislativa/2022/14314/40a_projeto_de_lei_088_-_m_099_-_altera_o_artigo_2o_da_lei_3765_-_cria_o_conselho_de_turismo_comtur.pdf\" target=\"_blank\" title=\"\"><b><span>Projeto de Lei n\u00ba 088/22</span></b> </a>\u2013 PM \u2013 que \u201cDisp\u00f5e sobre a altera\u00e7\u00e3o do artigo 2\u00ba da Lei n\u00ba 3.765, de 11 de julho de 2017, alterada pela Lei n\u00ba 3.831, de 03 de julho de 2018, que visa acrescentar a Secretaria Municipal de Desenvolvimento Econ\u00f4mico no Conselho Municipal de Turismo e d\u00e1 outras provid\u00eancias\u201d.</p>\r\n<p style=\"text-align: justify; \"><span>\u00a0</span></p>\r\n<p style=\"text-align: center; \"><b><span>EM SEGUNDA DISCUSS\u00c3O E REDA\u00c7\u00c3O FINAL</span></b></p>\r\n<p style=\"text-align: justify; \"><b><span>\u00a0</span></b></p>\r\n<p style=\"text-align: justify; \"><b><span><a class=\"external-link\" href=\"https://sapl.adamantina.sp.leg.br/media/sapl/public/materialegislativa/2022/14272/projeto_de_lei_082_-_m_097_-__honorarios_sucumbencia_unifai.pdf\" target=\"_blank\" title=\"\">Projeto de Lei n\u00ba 082/22</a></span></b> - PM \u2013 que \u201cDisp\u00f5e sobre as regras para o recolhimento e a distribui\u00e7\u00e3o de honor\u00e1rios advocat\u00edcios aos Procuradores Jur\u00eddicos do quadro permanente do Centro Universit\u00e1rio de Adamantina - Unifai e d\u00e1 outras provid\u00eancias\u201d.</p>\r\n<p style=\"text-align: justify; \"><b><span><a class=\"external-link\" href=\"https://sapl.adamantina.sp.leg.br/media/sapl/public/materialegislativa/2022/14273/projeto_de_lei_complementar_024_-_m_095_-_lei_de_reversao_valentim_gatti__-_sterile_vita_ambiental.pdf\" target=\"_blank\" title=\"\">Projeto de Lei Complementar n\u00ba 024/22</a></span></b> \u2013 PM \u2013 que \u201cDisp\u00f5e sobre a revoga\u00e7\u00e3o da Lei Complementar n\u00ba 385, de 17 de dezembro de 2021, que disp\u00f5e sobre autoriza\u00e7\u00e3o para que o Chefe do Poder Executivo possa outorgar Concess\u00e3o de Direito Real de Uso de Im\u00f3vel \u00e0 STERILE VITA AMBIENTAL LTDA, conforme desist\u00eancia da referida \u00e1rea pela empresa\u201d.</p>\r\n<p style=\"text-align: justify; \">\u00a0</p>\r\n<p style=\"text-align: justify; \">Todos os projetos foram aprovados por unanimidade.</p>\r\n<p style=\"text-align: justify; \">Ainda, foram apresentados\u00a0<strong>6 Requerimentos</strong>,\u00a0<strong>36 Indica\u00e7\u00f5es</strong> e\u00a0<strong>2 Mo\u00e7\u00f5es de Congratula\u00e7\u00f5es e Aplausos</strong>.</p>\r\n<p>Assista na \u00edntegra a sess\u00e3o em nossa p\u00e1gina no\u00a0<a class=\"external-link\" href=\"https://www.youtube.com/watch?v=BpxloAVns9Y\" target=\"_blank\" title=\"\">YouTube</a>.</p>\r\n<p>A 42\u00aa Sess\u00e3o Ordin\u00e1ria realizar-se-\u00e1 no dia 19 de dezembro de 2022.</p>\r\n<p>Toda comunidade \u00e9 convidada a acompanhar as sess\u00f5es ao vivo pelo\u00a0<a class=\"external-link\" href=\"https://www.facebook.com/CamaraAdamantina\" target=\"_blank\" title=\"\">facebook</a>,\u00a0bem como pela\u00a0R\u00e1dio Cultura, 99,3 FM, TV Cidade e nosso canal no\u00a0<a class=\"external-link\" href=\"https://www.youtube.com/channel/UCzAAhbjCyaxL-tD4m-Zsd-g\" target=\"_blank\" title=\"\">Youtube</a>.</p>", "author_name": "", "version": "1.0", "author_url": "https://www.adamantina.sp.leg.br/author/adm", "provider_name": "C\u00e2mara Municipal de Adamantina", "type": "rich"}