{"provider_url": "https://www.adamantina.sp.leg.br", "title": "Resumo 41\u00aa Sess\u00e3o Ordin\u00e1ria", "html": "<p style=\"text-align: justify; \">Ontem, 06, esta Casa de Leis realizou a 41\u00aa Sess\u00e3o Ordin\u00e1ria, foram apreciados os projetos conforme Circular 049/18.</p>\r\n<p style=\"text-align: center; \"><b><span>***** EM DISCUSS\u00c3O \u00daNICA *****</span></b></p>\r\n<p style=\"text-align: justify; \"><b>Projeto de Resolu\u00e7\u00e3o n\u00ba 001/18</b><span> \u2013 Vereador Ac\u00e1cio Rocha Perez Guerrero \u2013 que \u201cDisp\u00f5e sobre as a\u00e7\u00f5es de divulga\u00e7\u00e3o das atividades da C\u00e2mara Municipal de Adamantina, que passam a integrar o T\u00edtulo IV, Cap\u00edtulo I, do Regimento Interno da C\u00e2mara Municipal de Adamantina\u201d. (<strong>RETIRADO PARA MELHORES ESTUDOS)</strong></span></p>\r\n<p style=\"text-align: center; \"><b>***** EM PRIMEIRA DISCUSS\u00c3O *****</b></p>\r\n<p style=\"text-align: justify; \"><b>Projeto de Lei n\u00ba </b><b>057/18</b><span> \u2013 PM \u2013 que \u201cEstima a Receita e Fixa a Despesa do Munic\u00edpio de Adamantina para o exerc\u00edcio de 2019.\u201d\u00a0<strong>(APROVADO POR UNANIMIDADE)</strong></span></p>\r\n<p style=\"text-align: justify; \"><b><span>Projeto de Lei n\u00ba 058/18</span></b> \u2013 PM \u2013 que \u201cDisp\u00f5e sobre concess\u00e3o de subven\u00e7\u00f5es, aux\u00edlios, contribui\u00e7\u00f5es e conv\u00eanios, termo de colabora\u00e7\u00e3o/fomento.\u201d\u00a0<strong>(APROVADO POR UNANIMIDADE)</strong></p>\r\n<p style=\"text-align: justify; \"><b><span>Projeto de Lei n\u00ba 059/18</span></b> \u2013 PM \u2013 que \u201cDisp\u00f5e sobre o pagamento de di\u00e1rias aos servidores p\u00fablicos da Administra\u00e7\u00e3o Municipal Direta e Indireta, para os casos que menciona e d\u00e1 outras provid\u00eancias.\u201d\u00a0<strong>(APROVADO POR UNANIMIDADE)</strong></p>\r\n<p style=\"text-align: justify; \"><b><span>Projeto de Lei n\u00ba 060/18</span></b> \u2013 PM \u2013 que \u201cDisp\u00f5e sobre altera\u00e7\u00e3o da Lei n\u00ba 3.034/2002, 3.071/2003, 3.630/2014 e 3.742/2016, referentes \u00e0 Contribui\u00e7\u00e3o para Custeio do Servi\u00e7os de Ilumina\u00e7\u00e3o P\u00fablica e d\u00e1 outras provid\u00eancias.\u201d\u00a0<strong>(REJEITADO POR UNANIMIDADE)</strong>\u00a0</p>\r\n<p style=\"text-align: justify; \"><b><span>Projeto de Lei Complementar n\u00ba 021/18</span></b> \u2013 PM \u2013 que \u201cDisp\u00f5e sobre a autoriza\u00e7\u00e3o para o Poder Executivo alienar bem im\u00f3vel, mediante Processo Licitat\u00f3rio, para a capta\u00e7\u00e3o de recursos financeiros que ser\u00e3o reinvestidos em novos bens patrimoniais e d\u00e1 outras provid\u00eancias.\u201d\u00a0<strong>(APROVADO POR UNANIMIDADE)</strong></p>\r\n<p style=\"text-align: center; \"><b>***** EM SEGUNDA DISCUSS\u00c3O E REDA\u00c7\u00c3O FINAL *****</b></p>\r\n<p style=\"text-align: justify; \"><b>Projeto de Lei Complementar n\u00ba 020/18</b><span> \u2013 PM \u2013 que \u201cDisp\u00f5e sobre a revoga\u00e7\u00e3o da Lei Complementar n\u00ba 161, de 23 de mar\u00e7o de 2011, que disp\u00f5e sobre Concess\u00e3o de Direito Real de Uso \u00e0 Empresa Eliene Aparecida Francisco \u2013 ME.\u201d\u00a0</span><strong>(APROVADO POR UNANIMIDADE)</strong></p>\r\n<p style=\"text-align: justify; \">Ainda, foram apreciados e votados\u00a0<strong>43 Indica\u00e7\u00f5es</strong>,\u00a0<strong>18 Requerimentos</strong>, e\u00a0<strong>2 Mo\u00e7\u00f5es de Congratula\u00e7\u00f5es e Aplausos</strong>.</p>\r\n<p style=\"text-align: justify; \">Na reuni\u00e3o estiveram presentes todos os Vereadores, representantes da imprensa escrita e falada bem como membros da comunidade adamantinense.</p>\r\n<p style=\"text-align: justify; \">A pr\u00f3xima Sess\u00e3o Ordin\u00e1ria acontecer\u00e1 em 19 de novembro no Plen\u00e1rio Vereador Jos\u00e9 Ikeda.</p>\r\n<p style=\"text-align: justify; \">Toda comunidade \u00e9 convidada a participar.</p>", "author_name": "adt", "version": "1.0", "author_url": "https://www.adamantina.sp.leg.br/author/adt", "provider_name": "C\u00e2mara Municipal de Adamantina", "type": "rich"}