{"provider_url": "https://www.adamantina.sp.leg.br", "title": "Resumo 41\u00aa Sess\u00e3o Extraordin\u00e1ria", "html": "<p style=\"text-align: justify; \">Hoje, 20, a C\u00e2mara Municipal de Adamantina, conforme Circular n\u00ba 20/2020, realizou a 41\u00aa Sess\u00e3o Extraordin\u00e1ria.</p>\r\n<p style=\"text-align: justify; \">Foram apreciados e aprovados,\u00a0<b>EM DISCUSS\u00c3O \u00daNICA</b>, os seguintes projetos:</p>\r\n<p style=\"text-align: justify; \"><b>Projeto de Lei n\u00ba 026/2020</b><span> \u2013 PM \u2013 que \u201cDisp\u00f5e sobre autoriza\u00e7\u00e3o para a Prefeitura do Munic\u00edpio de Adamantina repassar \u00e0 Irmandade da Santa Casa de Miseric\u00f3rdia de Adamantina, recursos financeiros provenientes da emenda federal no valor de R$ \u00a0100.000,00 (cem mil reais) e d\u00e1 outras provid\u00eancias.\u201d</span></p>\r\n<p style=\"text-align: justify; \"><b>Projeto de Lei n\u00ba 027/2020</b><span> \u2013 PM \u2013 que \u201cDisp\u00f5e sobre autoriza\u00e7\u00e3o para abertura de cr\u00e9dito adicional suplementar ao Or\u00e7amento da Prefeitura do Munic\u00edpio de Adamantina no valor total de R$ 50.000,00 (cinquenta mil reais), destinado ao Programa de Aquisi\u00e7\u00e3o de Alimentos \u2013 PAA e d\u00e1 outras provid\u00eancias.\u201d</span></p>\r\n<p style=\"text-align: justify; \"><b>Projeto de Lei n\u00ba 028/2020</b><span> \u2013 PM \u2013 que \u201cDisp\u00f5e sobre autoriza\u00e7\u00e3o para a Prefeitura do Munic\u00edpio de Adamantina repassar ao Instituto Lar dos Velhos, Obra Unida da Sociedade S\u00e3o Vicente de Paula, recursos financeiros provenientes de apoio a cofinanciamentos da Secretaria de Desenvolvimento do Estado de S\u00e3o Paulo no valor total de R$ 7.650,00 (sete mil, seiscentos e cinquenta reais), e d\u00e1 outras provid\u00eancias.\u201d</span></p>\r\n<p style=\"text-align: justify; \">Projetos foram aprovados por unanimidade.</p>\r\n<p>A reuni\u00e3o contou com a presen\u00e7a de todos os vereadores.</p>\r\n<p>Assista na \u00edntegra a 41\u00aa Sess\u00e3o Extraordin\u00e1ria que foi transmitida em nossa\u00a0<a class=\"external-link\" href=\"https://www.facebook.com/CamaraAdamantina/videos/780882792317922/?__tn__=kC-R&amp;eid=ARCWbqeBhxSr7CHRxfGCWcIJGPO3OxQVePVeED_eFlAyjCoPYO7LYAhduUYReCBCTeZVBCskVP9gnMdF&amp;hc_ref=ARSJK0jf8P-rXkZeYxs4oV3K3GthVh38Fg6eiKWYJU6paDOHnCHvHA3pDZ65IHb_79I&amp;__xts__[0]=68.ARAJqCCMi5qAVmcjsTPux0juvI8pbdiLMJO7CO1lEq6B42MW_ZJIkbtJT9xzeWgeVXR2r775H0CtaoIRsL3ruiZdt3i1jj42MrDT7DAKsPmaRqhDZ99jHi7vhApuRPMlIaN_WFHSbOIEi8WFh2YDzoMWbSjIi3r1gY3Bp0U1SoI3zl41naHSAX95dVST6iHWM6ptPInJJWudsr_CTrtEywraYkntj9Hbpl0J1IwvGW9QeYl0tH2XusRAKeJ6AKqIcz2CN-ao2LDUwdvk_63hzRKJAzmshHTfLTiG-Cerk-AyjhdG5-ey9EUEX7dWoqh0VFCzRXIajmE-xibg5jZg4KROGQNrTmtb0is\" target=\"_blank\" title=\"\">fanpage</a>.</p>", "author_name": "", "version": "1.0", "author_url": "https://www.adamantina.sp.leg.br/author/adm", "provider_name": "C\u00e2mara Municipal de Adamantina", "type": "rich"}