{"provider_url": "https://www.adamantina.sp.leg.br", "title": "Resumo 40\u00aa Sess\u00e3o Ordin\u00e1ria", "html": "<p style=\"text-align: justify; \">Ontem, 21, a C\u00e2mara Municipal de Adamantina realizou a 40\u00aa Sess\u00e3o Ordin\u00e1ria desta Legislatura.</p>\r\n<p style=\"text-align: justify; \">Conforme <a class=\"external-link\" href=\"https://sapl.adamantina.sp.leg.br/media/sapl/public/materialegislativa/2022/14308/40a_ordinaria.pdf\" target=\"_blank\" title=\"\">Circular n\u00ba 053/22</a> foram apreciados e votados os projetos como segue:</p>\r\n<p style=\"text-align: justify; \"><b>EM DISCUSS\u00c3O \u00daNICA</b></p>\r\n<p style=\"text-align: justify; \"><b><a class=\"external-link\" href=\"https://sapl.adamantina.sp.leg.br/media/sapl/public/materialegislativa/2022/14266/projeto_de_lei_076_-_mesa_-_doacao_de_carro_camara.pdf\" target=\"_blank\" title=\"\">Projeto de Lei n\u00ba 076/22</a></b><span> \u2013 Mesa da C\u00e2mara \u2013 que \u201cDisp\u00f5e sobre autoriza\u00e7\u00e3o para o Chefe do Executivo receber, em doa\u00e7\u00e3o, ve\u00edculo Fiat/Siena HLX flex oficial, cor cinza, ano 2009, e d\u00e1 outras provid\u00eancias\u201d\u00a0</span><em>PROJETO APROVADO POR UNANIMIDADE</em><span>\u00a0</span></p>\r\n<p style=\"text-align: justify; \"><b><span><a class=\"external-link\" href=\"https://sapl.adamantina.sp.leg.br/media/sapl/public/materialegislativa/2022/14269/projeto_de_lei_079_-_m_093_-_repasse_sta_casa_r_812.47149_projeto_regularizacao_eletrica.doc.pdf\" target=\"_blank\" title=\"\">Projeto de Lei n\u00ba 079/22</a></span></b> \u2013 PM \u2013 que \u201cDisp\u00f5e sobre autoriza\u00e7\u00e3o para a Prefeitura do Munic\u00edpio de Adamantina abrir cr\u00e9dito adicional suplementar e repassar \u00e0 Associa\u00e7\u00e3o Lar S\u00e3o Francisco de Assis na Provid\u00eancia de Deus (Santa Casa de Adamantina), aux\u00edlio financeiro e emergencial no valor de no valor de R$ 812.471,49 (oitocentos e doze mil, quatrocentos e setenta e um reais e quarenta e nove centavos) para aquisi\u00e7\u00e3o e instala\u00e7\u00e3o \u00a0das cabines de medi\u00e7\u00e3o com cub\u00edculos de m\u00e9dia tens\u00e3o e underground, que fazem parte do projeto de \u00a0regulariza\u00e7\u00e3o el\u00e9trica, apresentado\u00a0 pela empresa Energisa Sul \u2013 Sudeste Distribuidora de Energia S/A, e d\u00e1 outras provid\u00eancias\u201d. <em>PROJETO APROVADO POR UNANIMIDADE</em></p>\r\n<p style=\"text-align: justify; \"><b><a class=\"external-link\" href=\"https://sapl.adamantina.sp.leg.br/media/sapl/public/materialegislativa/2022/14270/projeto_de_lei_080_-_m_094_-_gratificacao_natalina_aos_servidores_da_prefeitura.pdf\" target=\"_blank\" title=\"\">Projeto de Lei n\u00ba 080/22</a></b><span> \u2013 PM \u2013 que \u201cDisp\u00f5e sobre autoriza\u00e7\u00e3o para que o Chefe do Poder Executivo possa conceder abono natalino especial aos servidores ativos e inativos da Administra\u00e7\u00e3o Direta do Munic\u00edpio de Adamantina e d\u00e1 outras provid\u00eancias\u201d. \u00a0<em>PROJETO RETIRADO CONFORME OF\u00cdCIO DO EXECUTIVO</em></span></p>\r\n<p style=\"text-align: justify; \"><b><span><a class=\"external-link\" href=\"https://sapl.adamantina.sp.leg.br/media/sapl/public/materialegislativa/2022/14270/projeto_de_lei_080_-_m_094_-_gratificacao_natalina_aos_servidores_da_prefeitura.pdf\" target=\"_blank\" title=\"\">Projeto de Lei n\u00ba 081/22</a></span></b> \u2013 PM \u2013 que \u201cDisp\u00f5e sobre autoriza\u00e7\u00e3o para o Centro Universit\u00e1rio de Adamantina - Unifai abrir cr\u00e9dito adicional suplementar e repassar \u00e0 Associa\u00e7\u00e3o Lar S\u00e3o Francisco de Assis na Provid\u00eancia de Deus \u00a0no valor de R$ 1.197.528,51 (um milh\u00e3o, cento e noventa e sete mil, quinhentos e vinte e oito reais e cinquenta e um centavos), para aquisi\u00e7\u00e3o e instala\u00e7\u00e3o das cabines de medi\u00e7\u00e3o com cub\u00edculos de m\u00e9dia tens\u00e3o e underground, que fazem parte do projeto de regulariza\u00e7\u00e3o el\u00e9trica, apresentado pela empresa Energisa Sul \u2013 Sudeste Distribuidora de Energia S.A. e d\u00e1 outras provid\u00eancias\u201d.\u00a0<em>PROJETO APROVADO POR UNANIMIDADE</em></p>\r\n<p style=\"text-align: justify; \">\u00a0</p>\r\n<p style=\"text-align: justify; \"><b>EM PRIMEIRA DISCUSS\u00c3O</b></p>\r\n<p style=\"text-align: justify; \"><b><a class=\"external-link\" href=\"https://sapl.adamantina.sp.leg.br/media/sapl/public/materialegislativa/2022/14267/projeto_de_lei_077_-_m_091_-_altera_lei_3368.09_-_conselho_municipal_de_politica_urbana.pdf\" target=\"_blank\" title=\"\">Projeto de Lei n\u00ba 077/22</a></b><span> \u2013 PM \u2013 que \u201cAltera o Artigo 3\u00ba da Lei Municipal n\u00ba 3.368, de 14 de setembro de 2009, que Estrutura o Conselho Municipal de Pol\u00edtica Urbana de Adamantina e d\u00e1 outras providencias\u201d.\u00a0<em>PROJETO APROVADO POR UNANIMIDADE</em></span></p>\r\n<p style=\"text-align: justify; \"><b><a class=\"external-link\" href=\"https://sapl.adamantina.sp.leg.br/media/sapl/public/materialegislativa/2022/14272/projeto_de_lei_082_-_m_097_-__honorarios_sucumbencia_unifai.pdf\" target=\"_blank\" title=\"\">Projeto de Lei n\u00ba 082/22</a></b><span> - PM \u2013 que \u201cDisp\u00f5e sobre as regras para o recolhimento e a distribui\u00e7\u00e3o de honor\u00e1rios advocat\u00edcios aos Procuradores Jur\u00eddicos do quadro permanente do Centro Universit\u00e1rio de Adamantina - UNIFAI e d\u00e1 outras provid\u00eancias\u201d\u00a0<em>PROJETO APROVADO POR UNANIMIDADE</em></span></p>\r\n<p style=\"text-align: justify; \"><b><a class=\"external-link\" href=\"https://sapl.adamantina.sp.leg.br/media/sapl/public/materialegislativa/2022/14273/projeto_de_lei_complementar_024_-_m_095_-_lei_de_reversao_valentim_gatti__-_sterile_vita_ambiental.pdf\" target=\"_blank\" title=\"\">Projeto de Lei Complementar n\u00ba 024/22</a></b><span> \u2013 PM \u2013 que \u201cDisp\u00f5e sobre a revoga\u00e7\u00e3o da Lei Complementar n\u00ba 385, de 17 de dezembro de 2021, que disp\u00f5e sobre autoriza\u00e7\u00e3o para que o Chefe do Poder Executivo possa outorgar Concess\u00e3o de Direito Real de Uso de Im\u00f3vel \u00e0 STERILE VITA AMBIENTAL LTDA, conforme desist\u00eancia da referida \u00e1rea pela empresa\u201d.\u00a0<em>PROJETO APROVADO POR UNANIMIDADE</em></span></p>\r\n<p style=\"text-align: justify; \">Ainda, foram apresentados\u00a0<em><strong>4 Requerimentos</strong></em>,\u00a0<em><strong>21 Indica\u00e7\u00f5es</strong></em><strong></strong> e\u00a0<em><strong>2 Mo\u00e7\u00f5es de Congratula\u00e7\u00f5es e Aplausos</strong></em><strong></strong>.</p>\r\n<p>A reuni\u00e3o contou com a presen\u00e7a de todos os vereadores.</p>\r\n<p>Assista na \u00edntegra a sess\u00e3o em nossa p\u00e1gina no\u00a0<a class=\"external-link\" href=\"https://www.youtube.com/watch?v=-5upkpzbZmY\" target=\"_blank\" title=\"\">YouTube</a>.</p>\r\n<p>A 41\u00aa Sess\u00e3o Ordin\u00e1ria realizar-se-\u00e1 no dia 5 de dezembro de 2022.</p>\r\n<p>Toda comunidade \u00e9 convidada a acompanhar as sess\u00f5es ao vivo pelo\u00a0<a class=\"external-link\" href=\"https://www.facebook.com/CamaraAdamantina\" target=\"_blank\" title=\"\">facebook</a>,\u00a0bem como pela\u00a0R\u00e1dio Cultura, 99,3 FM, TV Cidade e nosso canal no\u00a0<a class=\"external-link\" href=\"https://www.youtube.com/channel/UCzAAhbjCyaxL-tD4m-Zsd-g\" target=\"_blank\" title=\"\">Youtube</a>.</p>", "author_name": "", "version": "1.0", "author_url": "https://www.adamantina.sp.leg.br/author/adm", "provider_name": "C\u00e2mara Municipal de Adamantina", "type": "rich"}