{"provider_url": "https://www.adamantina.sp.leg.br", "title": "Resumo 3\u00aa Sess\u00e3o Ordin\u00e1ria", "html": "<p>Ontem, 10, a C\u00e2mara Municipal de Adamantina realizou a 3\u00aa Sess\u00e3o Ordin\u00e1ria desta Legislatura.</p>\r\n<p>Foram apresentados<b>\u00a015 Requerimentos</b> e\u00a0<strong>43 Indica\u00e7\u00f5es</strong>.</p>\r\n<p>Conforme <a class=\"external-link\" href=\"https://sapl.adamantina.sp.leg.br/media/sapl/public/materialegislativa/2025/16344/circular_006_-_3a_sessao_ordinaria.pdf\" target=\"_blank\" title=\"\">Circular n\u00ba 006/2025</a>,\u00a0<span>nada constou nada Ordem do Dia.</span></p>\r\n<p>A reuni\u00e3o contou com a presen\u00e7a de todos os vereadores.</p>\r\n<p>Assista na \u00edntegra a sess\u00e3o em nosso Canal no\u00a0<a class=\"external-link\" href=\"https://www.youtube.com/watch?v=JAIU2JQRTm0\" target=\"_blank\" title=\"\">YouTube</a>.</p>\r\n<p>A 4\u00aa Sess\u00e3o Ordin\u00e1ria acontecer no dia 24 de mar\u00e7o de 2025.</p>\r\n<p>Toda comunidade \u00e9 convidada a acompanhar as sess\u00f5es ao vivo pelo\u00a0<a class=\"external-link\" href=\"https://www.facebook.com/CamaraAdamantina\" target=\"_blank\" title=\"\">facebook</a>,\u00a0bem como pela\u00a0R\u00e1dio Cultura e nosso canal no\u00a0<a class=\"external-link\" href=\"https://youtube.com/@cmatransmissao\" target=\"_blank\" title=\"\">Youtube</a>.</p>", "author_name": "", "version": "1.0", "author_url": "https://www.adamantina.sp.leg.br/author/adm", "provider_name": "C\u00e2mara Municipal de Adamantina", "type": "rich"}