{"provider_url": "https://www.adamantina.sp.leg.br", "title": "Resumo 3\u00aa Sess\u00e3o Ordin\u00e1ria", "html": "<p style=\"text-align: justify; \">Na \u00faltima segunda-feira, 01, a C\u00e2mara Municipal de Adamantina realizou a 3\u00aa Sess\u00e3o Ordin\u00e1ria.</p>\r\n<p style=\"text-align: justify; \">Conforme <a class=\"external-link\" href=\"https://sapl.adamantina.sp.leg.br/media/sapl/public/materialegislativa/2021/12109/circular_004_envio_de_projetos.pdf\" target=\"_blank\" title=\"\">Circular n\u00ba 005/2021</a> foram apreciados e votados os projetos de lei como segue:</p>\r\n<p style=\"text-align: justify; \"><b><span>EM SEGUNDA DISCUSS\u00c3O E REDA\u00c7\u00c3O FINAL</span></b></p>\r\n<p style=\"text-align: justify; \"><b><a class=\"external-link\" href=\"https://sapl.adamantina.sp.leg.br/media/sapl/public/materialegislativa/2021/12011/pl_001_-_altera_lei_3.530_-_atividade_delegada.pdf\" target=\"_blank\" title=\"\">Projeto de Lei n\u00ba 001/2021</a></b><span> \u2013 PM \u2013 que \u201cDisp\u00f5e sobre a altera\u00e7\u00e3o da Lei n\u00ba 3.530/12, que cria a Gratifica\u00e7\u00e3o por Desempenho de Atividade Delegada\u201d.</span></p>\r\n<p style=\"text-align: justify; \"><b><span><a class=\"external-link\" href=\"https://sapl.adamantina.sp.leg.br/media/sapl/public/materialegislativa/2021/12022/plc_001_-_estende_os_beneficios_da_lei_complementar_154_para_o_programa_casa_verde_amarela.pdf\" target=\"_blank\" title=\"\">Projeto de Lei Complementar n\u00ba 001/2021</a></span></b> \u2013 PM \u2013 que \u201cDisp\u00f5e sobre a extens\u00e3o dos benef\u00edcios da Lei Complementar n\u00ba 154 para o Programa Casa Verde e Amarela\u201d.<b><span></span></b></p>\r\n<p style=\"text-align: justify; \">\u00a0</p>\r\n<p style=\"text-align: justify; \"><b><span>EM DISCUSS\u00c3O \u00daNICA</span></b></p>\r\n<p style=\"text-align: justify; \"><a class=\"external-link\" href=\"https://sapl.adamantina.sp.leg.br/media/sapl/public/materialegislativa/2021/12026/pl_013_leitura_2a_ordinaria.pdf\" target=\"_blank\" title=\"\"><b>Projeto de Lei n\u00ba 0</b><b>13</b><b>/2021</b></a><span> \u2013 PM \u2013 que \u201c Disp\u00f5e sobre a denomina\u00e7\u00e3o de logradouro p\u00fablico e prolongamento da Rua Santos Dumont e d\u00e1 outras provid\u00eancias\u201d.</span></p>\r\n<p><a class=\"external-link\" href=\"https://sapl.adamantina.sp.leg.br/media/sapl/public/materialegislativa/2021/12027/pl_013_leitura_2a_ordinaria.pdf\" target=\"_blank\" title=\"\"><b><span>Projeto de Lei n\u00ba 0</span></b><b><span>14</span></b><b><span>/2021</span></b></a> \u2013 PM \u2013 que \u201c Disp\u00f5e sobre autoriza\u00e7\u00e3o para o Chefe do Executivo receber em doa\u00e7\u00e3o equipamentos que especifica e d\u00e1 outras provid\u00eancias.\u201d</p>\r\n<p>TODOS OS PROJETOS FORAM APROVADOS.</p>\r\n<p>Ainda foram apresentados\u00a0<strong>23 Requerimentos</strong>,\u00a0<strong>41 Indica\u00e7\u00f5es</strong> e\u00a0<strong>1 Mo\u00e7\u00e3o de Congratula\u00e7\u00f5es e Aplausos</strong>.</p>\r\n<p><span>A reuni\u00e3o contou com a presen\u00e7a de todos os vereadores.</span></p>\r\n<p>Assista na \u00edntegra a sess\u00e3o que foi transmitida pela nossa\u00a0<a class=\"external-link\" href=\"https://www.facebook.com/CamaraAdamantina/videos/492242975111575\" target=\"_blank\" title=\"\">fanpage</a>.</p>\r\n<p>A 3\u00aa Sess\u00e3o Ordin\u00e1ria, realizar-se-\u00e1 no dia 15 de mar\u00e7o de 2021.</p>\r\n<p><span>Toda comunidade \u00e9 convidada a acompanhar ao vivo pelo\u00a0</span><a class=\"external-link\" href=\"https://www.facebook.com/CamaraAdamantina\" target=\"_blank\" title=\"\">facebook</a>, bem como pela\u00a0<span>R\u00e1dio Cultura, 99,3 FM e Radio Joia 93,7 FM.</span></p>", "author_name": "", "version": "1.0", "author_url": "https://www.adamantina.sp.leg.br/author/adm", "provider_name": "C\u00e2mara Municipal de Adamantina", "type": "rich"}