{"provider_url": "https://www.adamantina.sp.leg.br", "title": "Resumo 3\u00aa Sess\u00e3o Extraordin\u00e1ria", "html": "<p style=\"text-align: justify; \">No \u00faltimo dia 18, esta Casa de Leis realizou a 3\u00aa Sess\u00e3o Extraordin\u00e1ria desta Legislatura.</p>\r\n<p style=\"text-align: justify; \">Conforme <a class=\"external-link\" href=\"https://sapl.adamantina.sp.leg.br/media/sapl/public/materialegislativa/2025/16665/circular_023_-_3a_sessao_extraordinaria.pdf\" target=\"_blank\" title=\"\">Circular n\u00ba 023/2025</a>, foram apreciados e votados os projetos como segue:</p>\r\n<p style=\"text-align: justify; \"><b><span>EM DISCUSS\u00c3O \u00daNICA</span></b></p>\r\n<p style=\"text-align: justify; \"><b><a class=\"external-link\" href=\"https://sapl.adamantina.sp.leg.br/media/sapl/public/materialegislativa/2025/16661/10a_ordinaria_-_pl_031_m_037_-_prorrogacao_de_elaboracao_do_plano_municipal_educacao.pdf\" target=\"_blank\" title=\"\">Projeto de Lei n\u00ba 031/2025</a></b><span> \u2013 PM \u2013 que \u201cProrroga, at\u00e9 31 de dezembro de 2025, a vig\u00eancia do Plano Municipal de Educa\u00e7\u00e3o, aprovado por meio da Lei n\u00ba 3.674, de 07 de julho de 2015 da Rede Municipal de Ensino da Prefeitura Municipal de Adamantina.\u201d</span></p>\r\n<p style=\"text-align: justify; \">\u00a0</p>\r\n<p style=\"text-align: justify; \"><b><span>EM SEGUNDA DISCUSS\u00c3O E REDA\u00c7\u00c3O FINAL</span></b></p>\r\n<p style=\"text-align: justify; \"><b><a class=\"external-link\" href=\"https://sapl.adamantina.sp.leg.br/media/sapl/public/materialegislativa/2025/16628/9a_ordinaria_-_projeto_de_lei_complementar_011_reestruturacao.pdf\" target=\"_blank\" title=\"\">Projeto de Lei Complementar n\u00ba 011/2025</a></b><span> \u2013 Mesa da C\u00e2mara \u2013 que \u201cDisp\u00f5e sobre a inclus\u00e3o de novo requisito para ocupa\u00e7\u00e3o do emprego p\u00fablico de Digitador e sobre reestrutura\u00e7\u00e3o com altera\u00e7\u00e3o da refer\u00eancia inicial do emprego p\u00fablico de Digitador e d\u00e1 outras provid\u00eancias.\u201d</span></p>\r\n<p style=\"text-align: justify; \"><b><span><a class=\"external-link\" href=\"https://sapl.adamantina.sp.leg.br/media/sapl/public/materialegislativa/2025/16629/9a_ordinaria_-_projeto_de_lei_complementar_012_novas_atribuicoes_de_digitador.pdf\" target=\"_blank\" title=\"\">Projeto de Lei Complementar n\u00ba 012/2025</a></span></b> \u2013 Mesa da C\u00e2mara \u2013 que \u201cDisp\u00f5e sobre a inclus\u00e3o de novas atribui\u00e7\u00f5es ao emprego p\u00fablico efetivo de Digitador, alterando o anexo I da Lei Complementar n\u00ba 408/2022.\u201d</p>\r\n<p style=\"text-align: justify; \"><span>Os projetos foram aprovados por unanimidade.</span></p>\r\n<p>A reuni\u00e3o contou com a presen\u00e7a de todos os vereadores.</p>\r\n<p>Assista na \u00edntegra a sess\u00e3o em nosso canal no\u00a0<a class=\"external-link\" href=\"https://www.youtube.com/watch?v=k0djMn4DVaY\" target=\"_blank\" title=\"\">YouTube</a>.</p>\r\n<p>Toda comunidade \u00e9 convidada a acompanhar as sess\u00f5es ao vivo pelo\u00a0<a class=\"external-link\" href=\"https://www.facebook.com/CamaraAdamantina\" target=\"_blank\" title=\"\">facebook</a>,\u00a0bem como pela\u00a0R\u00e1dio Cultura, TV Folha Regional e nosso canal no\u00a0<a class=\"external-link\" href=\"https://www.youtube.com/@cmatransmissao\" target=\"_blank\" title=\"\">Youtube</a>.</p>", "author_name": "", "version": "1.0", "author_url": "https://www.adamantina.sp.leg.br/author/adm", "provider_name": "C\u00e2mara Municipal de Adamantina", "type": "rich"}