{"provider_url": "https://www.adamantina.sp.leg.br", "title": "Resumo 3\u00aa Sess\u00e3o Extraordin\u00e1ria", "html": "<p style=\"text-align: justify; \">Na \u00faltima sexta-feira, 23, a C\u00e2mara Municipal de Adamantina realizou a 3\u00aa Sess\u00e3o Extraordin\u00e1ria.</p>\r\n<p style=\"text-align: justify; \">Conforme <a class=\"external-link\" href=\"https://sapl.adamantina.sp.leg.br/media/sapl/public/materialegislativa/2021/12516/circular_015_3a_extra.pdf\" target=\"_blank\" title=\"\">Circular n\u00ba 015/2021</a>, foram apreciados e votados:\u00a0</p>\r\n<p style=\"text-align: justify; \"><b><span>EM DISCUSS\u00c3O \u00daNICA</span></b></p>\r\n<p style=\"text-align: justify; \"><a class=\"external-link\" href=\"https://sapl.adamantina.sp.leg.br/media/sapl/public/materialegislativa/2021/12452/6a_ordinaria_-_pl_034_msg_030_-__institui_auxilio_empreendedor.pdf\" target=\"_blank\" title=\"\"><b>Projeto de</b><b> </b><b>Lei n\u00ba</b><b> </b><b>034</b><b>/2021</b></a><span> \u2013 PM \u2013 que \u201cInstitui o Aux\u00edlio Empreendedor como medida para a mitiga\u00e7\u00e3o dos impactos econ\u00f4micos decorrentes da \u00a0\u00a0pandemia do novo Coronav\u00edrus \u2013 Covid-19 e d\u00e1 outras \u00a0provid\u00eancias.\u201d</span></p>\r\n<p style=\"text-align: justify; \"><b><span><a class=\"external-link\" href=\"https://sapl.adamantina.sp.leg.br/media/sapl/public/materialegislativa/2021/12453/6a_ordinaria_-_pl_035_msg_031_-_unifai_-_r_1.87000000_-_ressonancia_magnetica.pdf\" target=\"_blank\" title=\"\">Projeto de Lei n\u00ba 035/2021</a></span></b> \u2013 PM \u2013 que \u201cDisp\u00f5e sobre autoriza\u00e7\u00e3o para <i>abertura de cr\u00e9dito adicional especial </i>ao Or\u00e7amento da Prefeitura do Munic\u00edpio de Adamantina no valor total de R$ 1.870.000,00 (um milh\u00e3o, oitocentos e setenta mil reais).\u201d</p>\r\n<p style=\"text-align: justify; \"><a class=\"external-link\" href=\"https://sapl.adamantina.sp.leg.br/media/sapl/public/materialegislativa/2021/12454/6a_ordinaria_-_pl_036_msg_032_-_autorizacao_para_unifai_repassar_a_santa_casa_recursos_-_setor_de_ressonancia_magnetica_anfiteatro_e_salas_de_aula.pdf\" target=\"_blank\" title=\"\"><b><span>Projeto de </span></b><b><span>Lei n\u00ba </span></b><b><span>036/2021</span></b></a> \u2013 PM \u2013 que \u201cDisp\u00f5e sobre autoriza\u00e7\u00e3o de repasse do Centro Universit\u00e1rio de Adamantina \u2013 UNIFAI para a Santa Casa de Miseric\u00f3rdia de Adamantina, dentro do Termo de Colabora\u00e7\u00e3o n\u00ba 01/2018, celebrado nos termos da Lei Municipal n\u00ba 3.825, de 25 de maio de 2018, visando a constru\u00e7\u00e3o do Setor de Resson\u00e2ncia Magn\u00e9tica, anfiteatro e salas de aula, e d\u00e1 outras provid\u00eancias.\u201d (R$ 1.850.375,77 - um milh\u00e3o, oitocentos e cinquenta mil, trezentos e setenta e cinco reais e setenta e sete centavos).</p>\r\n<p style=\"text-align: justify; \"><a class=\"external-link\" href=\"https://sapl.adamantina.sp.leg.br/media/sapl/public/materialegislativa/2021/12455/6a_ordinaria_-_pl_037_msg_033_-_altera_artigo_4o_lei_4046_-_repasse_santa_casa_3.pdf\" target=\"_blank\" title=\"\"><b><span>Projeto </span></b><b><span>de Lei n\u00ba </span></b><b><span>037/2021</span></b></a> \u2013 PM \u2013 que \u201cDisp\u00f5e sobre a altera\u00e7\u00e3o artigo 4\u00ba da Lei Municipal n.\u00ba 4.046, de 08 de abril de 2021, e d\u00e1 outras provid\u00eancias.</p>\r\n<p style=\"text-align: justify; \"><b><span><a class=\"external-link\" href=\"https://sapl.adamantina.sp.leg.br/media/sapl/public/materialegislativa/2021/12456/6a_ordinaria_-_plc_003_msg_029__-_isencao_iss.pdf\" target=\"_blank\" title=\"\">Projeto de Lei Complementar n\u00ba 003/2021</a></span></b>\u00a0\u2013 PM \u2013 que \u201cAutoriza o Poder Executivo a conceder isen\u00e7\u00e3o de ISS fixo para as atividades que ficaram suspensas em 2021 em raz\u00e3o a pandemia COVID -19 e d\u00e1 outras providencias.</p>\r\n<p style=\"text-align: justify; \"><b><a class=\"external-link\" href=\"https://sapl.adamantina.sp.leg.br/media/sapl/public/materialegislativa/2021/12517/mocao_015_-_rotary_international_portugues.pdf\" target=\"_blank\" title=\"\">MO\u00c7\u00c3O DE CONGRATULA\u00c7\u00d5ES E APLAUSOS n\u00ba 015/2021</a></b><b> \u2013 </b><span>Paulo Cervelheira de Oliveira e todos os demais Vereadores </span><b>\u2013 \u00a0</b><span>ao Rotary International, que atrav\u00e9s de sua Funda\u00e7\u00e3o Rot\u00e1ria, das Governadorias do Distrito 4510 (Brasil), Distrito 5080 (Estados Unidos da Am\u00e9rica), Distrito 1870 (Alemanha), Rotary Club de Adamantina (Brasil), Rotary Club de Pasco-Kennewick (Estados Unidos da Am\u00e9rica), e Rotary Club de Willich (Alemanha), realizou importante doa\u00e7\u00e3o de equipamentos m\u00e9dicos ao Hospital de Adamantina (Irmandade Santa Casa de Miseric\u00f3rdia de Adamantina).</span></p>\r\n<p style=\"text-align: justify; \"><b><span>\u00a0</span></b></p>\r\n<p style=\"text-align: justify; \"><b><span>EM SEGUNDA DISCUSS\u00c3O E REDA\u00c7\u00c3O FINAL</span></b></p>\r\n<p style=\"text-align: justify; \"><b><a class=\"external-link\" href=\"https://sapl.adamantina.sp.leg.br/media/sapl/public/materialegislativa/2021/12323/5a_ordinaria_-_plc_002_-_m_024_-_autorizacao_doacao_de_area_-_cerealista_trabachin.pdf\" target=\"_blank\" title=\"\">Projeto de Lei Complementar n\u00ba 002/2021</a></b><span> \u2013 PM \u2013 que \u201cDisp\u00f5e sobre autoriza\u00e7\u00e3o para o Chefe do Poder Executivo alienar, por doa\u00e7\u00e3o, \u00e0 empresa CEREALISTA TRABACHIN LTDA o im\u00f3vel que espec\u00edfica\u201d.</span></p>\r\n<p style=\"text-align: justify; \">\u00a0</p>\r\n<p style=\"text-align: justify; \">TODOS OS PROJETOS FORAM APROVADOS CONFORME AS RESPECTIVAS DISCUSS\u00d5ES.</p>\r\n<p style=\"text-align: justify; \">\u00a0</p>\r\n<p style=\"text-align: justify; \"><span>Assista na \u00edntegra a sess\u00e3o que foi transmitida pela nossa\u00a0</span><a class=\"external-link\" href=\"https://www.facebook.com/CamaraAdamantina/videos/572896040267738\" target=\"_blank\" title=\"\">fanpage</a><span>.</span></p>", "author_name": "", "version": "1.0", "author_url": "https://www.adamantina.sp.leg.br/author/adm", "provider_name": "C\u00e2mara Municipal de Adamantina", "type": "rich"}