{"provider_url": "https://www.adamantina.sp.leg.br", "title": "Resumo 3\u00aa e 4\u00aa Sess\u00e3o Ordin\u00e1ria", "html": "<p style=\"text-align: justify; \">No dia 06 de mar\u00e7o a C\u00e2mara de Adamantina realizou a 3\u00aa Sess\u00e3o Ordin\u00e1ria. Os\u00a0<b>Projetos de Lei n\u00bas 002/17</b>,\u00a0<b>007/17</b>,\u00a0<b>008/17\u00a0</b>e o\u00a0<b>Projeto de Lei Complementar n\u00ba 010/17</b> foram aprovados por unanimidade em DISCUSS\u00c3O \u00daNICA. O\u00a0<b><span>Projeto de Lei Complementar n\u00ba 009/17</span></b><span> foi RETIRADO PARA MELHORES ESTUDOS a pedido do\u00a0Vereador H\u00e9lio Jos\u00e9 dos Santos. o\u00a0</span><b>Projeto de Lei n\u00ba 004/17</b>, e os\u00a0<b>Projetos de Lei Complementar n\u00bas 001/17</b>,\u00a0<b>004/17</b>,\u00a0<b>005/17</b> e\u00a0<b>007/17</b> foram aprovados por unanimidade em SEGUNDA DISCUSS\u00c3O E REDA\u00c7\u00c3O FINAL. Foram ainda apreciados e votados 15 Requerimentos, 3 Mo\u00e7\u00f5es de Congratula\u00e7\u00f5es e Apalusos e 38 Indica\u00e7\u00f5es.</p>\r\n<p style=\"text-align: justify; \">Ontem, \u00a020, foi realizada a 4\u00aa Sess\u00e3o Ordin\u00e1ria desta Casa de Leis. Foram apresentadas 37 Indica\u00e7\u00f5es so<span>licitando ao Executivo melhorias em diversos setores da cidade, 1 Mo\u00e7\u00e3o de Congratula\u00e7\u00f5es e Aplausos e 18 Requerimentos, em sua maioria,\u00a0<span>solicitando recursos financeiros para o munic\u00edpio e informa\u00e7\u00f5es ao Prefeito Municipal.</span></span></p>\r\n<p style=\"text-align: justify; \"><span><span>Foram aprovados em DISCUSS\u00c3O \u00daNICA os\u00a0</span></span><b>Projeto de Lei n\u00bas 009/17</b>,\u00a0<b>011/17</b>,\u00a0<b>013/17</b> e o\u00a0<b>Projeto de Lei Complementar n\u00ba 011/17</b>. Os\u00a0<b><span>Projetos de Lei n\u00bas 010/17</span></b><span> e <strong>012/17\u00a0</strong>foram RETIRADOS PARA MELHORES ESTUDOS.</span></p>\r\n<p align=\"justify\">A reuni\u00e3o contou com a presen\u00e7a de todos os vereadores, representantes da imprensa escrita e falada e outros membros de nossa comunidade.</p>\r\n<p align=\"justify\"><span>A pr\u00f3xima Sess\u00e3o Ordin\u00e1ria, ser\u00e1 realizada dia 03 de abril, \u00e0s 20h.\u00a0</span><span>Toda a comunidade \u00e9 convidada a acompanhar pessoalmente ou pelas Radios J\u00f3ia \u00a0e LIFE,\u00a0</span><span>no Plen\u00e1rio Vereador Jos\u00e9 Ikeda\u00a0situado na Rua Osvaldo Cruz, 261 - t\u00e9rreo.</span><span>\u00a0</span></p>\r\n<p style=\"text-align: justify; \"><span><br /></span></p>", "author_name": "adt", "version": "1.0", "author_url": "https://www.adamantina.sp.leg.br/author/adt", "provider_name": "C\u00e2mara Municipal de Adamantina", "type": "rich"}