{"provider_url": "https://www.adamantina.sp.leg.br", "title": "Resumo 39\u00aa Sess\u00e3o Ordin\u00e1ria", "html": "<p style=\"text-align: justify; \">Ontem, 07, a C\u00e2mara Municipal de Adamantina realizou a 39\u00aa Sess\u00e3o Ordin\u00e1ria desta Legislatura.</p>\r\n<p style=\"text-align: justify; \">Conforme <a class=\"external-link\" href=\"https://sapl.adamantina.sp.leg.br/media/sapl/public/materialegislativa/2022/14265/circular_051_-_39a_sessao_ordinaria.pdf\" target=\"_blank\" title=\"\">Circular n\u00ba 051/2022</a>\u00a0foi apreciado e votado,\u00a0<b>EM PRIMEIRA DISCUSS\u00c3O</b>, o\u00a0<b><a class=\"external-link\" href=\"https://sapl.adamantina.sp.leg.br/media/sapl/public/materialegislativa/2022/14223/38a_projeto_de_lei_072_-_m_076_-_loa_2023.pdf\" target=\"_blank\" title=\"\">Projeto de Lei n\u00ba 072/2022</a></b><span>\u00a0de autoria do Poder Executivo que estima a Receita e fixa a Despesa do Munic\u00edpio de Adamantina para o exerc\u00edcio de 2023. O projeto foi <strong>aprovado por unanimidade</strong>.</span></p>\r\n<p style=\"text-align: justify; \">Ainda, foram apresentados\u00a0<strong>7 Requerimentos</strong>,\u00a0<strong>24 Indica\u00e7\u00f5es</strong> e\u00a0<strong>1 Mo\u00e7\u00e3o de Congratula\u00e7\u00f5es e Aplausos</strong>.</p>\r\n<p style=\"text-align: justify; \"><span>A reuni\u00e3o contou com a presen\u00e7a de todos os vereadores.</span></p>\r\n<p style=\"text-align: justify; \">Assista na \u00edntegra a sess\u00e3o em nossa p\u00e1gina no\u00a0<a class=\"external-link\" href=\"https://www.youtube.com/watch?v=SX5Po-Rasno\" target=\"_blank\" title=\"\">YouTube</a>.</p>\r\n<p style=\"text-align: justify; \">A 40\u00aa Sess\u00e3o Ordin\u00e1ria realizar-se-\u00e1 no dia 21 de novembro de 2022.</p>\r\n<p style=\"text-align: justify; \">Toda comunidade \u00e9 convidada a acompanhar as sess\u00f5es ao vivo pelo\u00a0<a class=\"external-link\" href=\"https://www.facebook.com/CamaraAdamantina\" target=\"_blank\" title=\"\">facebook</a>,\u00a0bem como pela\u00a0R\u00e1dio Cultura, 99,3 FM, TV Cidade e nosso canal no\u00a0<a class=\"external-link\" href=\"https://www.youtube.com/channel/UCzAAhbjCyaxL-tD4m-Zsd-g\" target=\"_blank\" title=\"\">Youtube</a>.</p>", "author_name": "", "version": "1.0", "author_url": "https://www.adamantina.sp.leg.br/author/adm", "provider_name": "C\u00e2mara Municipal de Adamantina", "type": "rich"}