{"provider_url": "https://www.adamantina.sp.leg.br", "title": "Resumo 39\u00aa Sess\u00e3o Ordin\u00e1ria", "html": "<p style=\"text-align: justify; \">Ontem, dia 1\u00ba de outubro, esta Casa de Leis realizou a 39\u00aa Sess\u00e3o Ordin\u00e1ria.</p>\r\n<p style=\"text-align: justify; \">Foram apreciados e votados\u00a0<strong>8 Requerimentos</strong>,\u00a0<strong>41 Indica\u00e7\u00f5es</strong> e<strong> 5 Mo\u00e7\u00f5es de Congratula\u00e7\u00f5es e Aplausos</strong>.</p>\r\n<p style=\"text-align: justify; \">Ainda, foram apresentados, conforme Circular n\u00ba 045/18, os projetos como segue:\u00a0</p>\r\n<p style=\"text-align: justify; \"><b><span>EM SEGUNDA DISCUSS\u00c3O E REDA\u00c7\u00c3O FINAL</span></b></p>\r\n<p style=\"text-align: justify; \"><b>Projeto de Lei n\u00ba 048/18</b><span> \u2013 Vereadores Eduardo Rodrigues Fiorillo, Ac\u00e1cio Rocha Perez Guerrero e Maria de Lourdes Santos Gil \u2013 que \u201cFica institu\u00eddo, no Calend\u00e1rio Oficial do Munic\u00edpio de Adamantina, o \u2018Dia do Profissional de Educa\u00e7\u00e3o F\u00edsica\u2019 e d\u00e1 outras provid\u00eancias.\u201d</span></p>\r\n<p style=\"text-align: justify; \"><b><span>Projeto de Lei Complementar n\u00ba 019/18</span></b> \u2013 PM \u2013 que \u201cDisp\u00f5e sobre a revoga\u00e7\u00e3o das Leis Complementares n\u00bas 81, de 19 de dezembro de 2006 e n\u00ba 124, de 11 de maio de 2009, que disp\u00f5em sobre autoriza\u00e7\u00e3o para Concess\u00e3o de Uso de Im\u00f3veis que especifica \u00e0 Casa de Recupera\u00e7\u00e3o e Reintegra\u00e7\u00e3o Social \u2013 CRERES e d\u00e1 outras provid\u00eancias.\u201d</p>\r\n<p style=\"text-align: justify; \">AMBOS OS PROJETOS FORAM APROVADOS POR UNANIMIDADE CONFORME A DISCUSS\u00c3O MENCIONADA.</p>\r\n<p style=\"text-align: justify; \">Estiveram presentes na reuni\u00e3o todos os Vereadores, membros da imprensa escrita e falada, bem como representantes da comunidade.</p>\r\n<p style=\"text-align: justify; \">A pr\u00f3xima Sess\u00e3o Ordin\u00e1ria, 40\u00aa, ser\u00e1 realizada dia 15 de outubro, toda comunidade \u00e9 convidada a assistir no Plen\u00e1rio Vereador Jos\u00e9 Ikeda, bem como ouvir pelas Radio Joia FM ou LIFE.</p>", "author_name": "adt", "version": "1.0", "author_url": "https://www.adamantina.sp.leg.br/author/adt", "provider_name": "C\u00e2mara Municipal de Adamantina", "type": "rich"}