{"provider_url": "https://www.adamantina.sp.leg.br", "title": "Resumo 39\u00aa Sess\u00e3o Extraordin\u00e1ria", "html": "<p style=\"text-align: justify; \">Ontem, 21, a C\u00e2mara Municipal de Adamantina realizou a 39\u00aa Sess\u00e3o Extraordin\u00e1ria desta Legislatura.</p>\r\n<p style=\"text-align: justify; \">Conforme <a class=\"external-link\" href=\"https://sapl.adamantina.sp.leg.br/media/sapl/public/materialegislativa/2023/15169/circular_045_-_39a_extraordinaria.pdf\" target=\"_blank\" title=\"\">Circular n\u00ba 045/2023</a> foram apreciados e votados em Discuss\u00e3o \u00danica, os projetos como segue:</p>\r\n<p style=\"text-align: justify; \"><a class=\"external-link\" href=\"https://sapl.adamantina.sp.leg.br/media/sapl/public/materialegislativa/2023/15170/58a_projeto_de_lei_073_m_094_-_abertura_de_credito_especial__-_r_143.00000_-_servico_de_acolhimento_a_mulher.pdf\" target=\"_blank\" title=\"\"><b>Projeto de Lei n\u00ba 0</b><b>73/2023</b></a><span> \u2013 PM \u2013 que \u201cDisp\u00f5e sobre autoriza\u00e7\u00e3o para </span><i>abertura de cr\u00e9dito adicional especial </i><span>ao Or\u00e7amento da Prefeitura do Munic\u00edpio de Adamantina no valor total de R$ 143.000,00 e d\u00e1 outras provid\u00eancias, ao Fundo Municipal de Assist\u00eancia Social Especial Alta Complexidade.\u201d</span></p>\r\n<p style=\"text-align: justify; \"><a class=\"external-link\" href=\"https://sapl.adamantina.sp.leg.br/media/sapl/public/materialegislativa/2023/15171/58a_projeto_de_lei_074_m_095_-_abertura_de_credito_especial_r_323.37178_-_lei_paulo_gustavo.pdf\" target=\"_blank\" title=\"\"><b><span>Projeto de Lei n\u00ba 0</span></b><b><span>74/23</span></b></a> \u2013 PM \u2013 que \u201cDisp\u00f5e sobre autoriza\u00e7\u00e3o para <i>abertura de cr\u00e9dito adicional especial </i>ao Or\u00e7amento da Prefeitura do Munic\u00edpio de Adamantina no valor total de R$ 323.371,78 e d\u00e1 outras provid\u00eancias, proveniente do Governo Federal referente \u00e0 Lei Paulo Gustavo.\u201d</p>\r\n<p style=\"text-align: justify; \"><a class=\"external-link\" href=\"https://sapl.adamantina.sp.leg.br/media/sapl/public/materialegislativa/2023/15172/58a_projeto_de_lei_075_m_096_-_abertura_de_credito_-_r_1.778.40000_-_vencimento_e_vantagens.pdf\" target=\"_blank\" title=\"\"><b><span>Projeto de Lei n\u00ba 0</span></b><b><span>75/23</span></b></a> \u2013 PM \u2013 que \u201cDisp\u00f5e sobre autoriza\u00e7\u00e3o para <i>abertura de cr\u00e9dito adicional suplementar </i>ao Or\u00e7amento da Prefeitura do Munic\u00edpio de Adamantina no valor total de R$ 1.778.400,00 referente ao remanejamento de dota\u00e7\u00f5es e d\u00e1 outras provid\u00eancias.\u201d</p>\r\n<p style=\"text-align: justify; \"><a class=\"external-link\" href=\"https://sapl.adamantina.sp.leg.br/media/sapl/public/materialegislativa/2023/15173/58a_projeto_de_lei_076_m_097_-_dispoe_sobre_o_prolongamento_da_rua_santa_catarina.pdf\" target=\"_blank\" title=\"\"><b>Projeto de Lei n\u00ba 0</b><b>76/23</b></a><span>\u00a0\u2013 PM \u2013 que \u201cDisp\u00f5e sobre o prolongamento da Rua Santa Catarina e d\u00e1 outras provid\u00eancias, decorrente da implanta\u00e7\u00e3o do Residencial Monte Si\u00e3o.\u201d</span></p>\r\n<p style=\"text-align: justify; \">Todos os projetos foram aprovados por unanimidade.</p>\r\n<p>A reuni\u00e3o contou com a presen\u00e7a de todos os vereadores.</p>\r\n<p>Assista na \u00edntegra a sess\u00e3o em nosso Canal no\u00a0<a class=\"external-link\" href=\"https://www.youtube.com/watch?v=rsny9J1STao\" target=\"_blank\" title=\"\">YouTube</a>.</p>\r\n<p>Toda comunidade \u00e9 convidada a acompanhar as sess\u00f5es ao vivo pelo\u00a0<a class=\"external-link\" href=\"https://www.facebook.com/CamaraAdamantina\" target=\"_blank\" title=\"\">facebook</a>,\u00a0bem como pela\u00a0R\u00e1dio Cultura, 99,3 FM, TV Cidade e nosso canal no\u00a0<a class=\"external-link\" href=\"https://www.youtube.com/@cmatransmissao\" target=\"_blank\" title=\"\">Youtube</a>.</p>", "author_name": "", "version": "1.0", "author_url": "https://www.adamantina.sp.leg.br/author/adm", "provider_name": "C\u00e2mara Municipal de Adamantina", "type": "rich"}