{"provider_url": "https://www.adamantina.sp.leg.br", "title": "Resumo 38\u00aa Sess\u00e3o Ordin\u00e1ria.", "html": "<p style=\"text-align: justify; \">Ontem, 24, a C\u00e2mara Municipal de Adamantina realizou a 38\u00aa Sess\u00e3o Ordin\u00e1ria desta Legislatura.</p>\r\n<p style=\"text-align: justify; \">Conforme <a class=\"external-link\" href=\"https://sapl.adamantina.sp.leg.br/media/sapl/public/materialegislativa/2022/14262/circular_48.pdf\" target=\"_blank\" title=\"\">Circular n\u00ba 048/2022</a> foram apreciados e votados, em Discuss\u00e3o \u00danica, os projetos abaixo:</p>\r\n<p style=\"text-align: justify; \"><b><span><a class=\"external-link\" href=\"https://sapl.adamantina.sp.leg.br/media/sapl/public/materialegislativa/2022/14141/36a_projeto_de_lei_063_-_m_079_-_cria_a_funcao_gratificada_de_supervisor_-_casa_afro.pdf\" target=\"_blank\" title=\"\">Projeto de Lei n\u00ba 063/2022</a></span></b> \u2013 PM \u2013 que \u201cDisp\u00f5e sobre a cria\u00e7\u00e3o de<b> </b>fun\u00e7\u00e3o gratificada de Supervisor da Casa Afro Adamantina e de Supervisor do Poupatempo, bem como sobre seu exerc\u00edcio, no \u00e2mbito da Administra\u00e7\u00e3o Direta do Poder Executivo Municipal e d\u00e1 outras provid\u00eancias\u201d.</p>\r\n<p style=\"text-align: justify; \"><b><a class=\"external-link\" href=\"https://sapl.adamantina.sp.leg.br/media/sapl/public/materialegislativa/2022/14142/36a_projeto_de_lei_064_-_m_080_-_altera_a_lei_3369-09_loteamento_1.pdf\" target=\"_blank\" title=\"\">Projeto de Lei n\u00ba 064/2022</a></b><span> \u2013 PM \u2013 que \u201cDisp\u00f5e sobre a altera\u00e7\u00e3o da Lei n\u00ba 3.369, de 14 de setembro de 2009, que disp\u00f5e sobre Loteamentos Urbanos e Loteamentos Fechados no Munic\u00edpio e d\u00e1 outras provid\u00eancias\u201d.\u00a0</span></p>\r\n<p style=\"text-align: justify; \"><b><a class=\"external-link\" href=\"https://sapl.adamantina.sp.leg.br/media/sapl/public/materialegislativa/2022/14186/37a_projeto_de_lei_066_-_noriko_-_denominacao_emidio_ferreira_morgado.docx.pdf\" target=\"_blank\" title=\"\">Projeto de Lei n\u00ba 066/2022</a></b><span> \u2013 Vereadores Noriko Onishi Saito, Aguinaldo Pires Galv\u00e3o, H\u00e9lio Jos\u00e9 dos Santos, Cid Jos\u00e9 Aparecido dos Santos e Ricardo Soares Cangir\u00e3o \u2013 que \u201cDisp\u00f5e sobre altera\u00e7\u00e3o e nova denomina\u00e7\u00e3o de logradouro p\u00fablico do munic\u00edpio de Adamantina e d\u00e1 outras provid\u00eancias\u201d.</span></p>\r\n<p style=\"text-align: justify; \"><b><a class=\"external-link\" href=\"https://sapl.adamantina.sp.leg.br/media/sapl/public/materialegislativa/2022/14187/37a_projeto_de_lei_067_-_m_082_-_abertura_de_credito_suplementar_unifai_-_r_650.00000.pdf\" target=\"_blank\" title=\"\">Projeto de Lei n\u00ba 067/2022</a></b><span> \u2013 PM \u2013 que \u201cDisp\u00f5e sobre autoriza\u00e7\u00e3o para abertura de cr\u00e9dito adicional suplementar ao Or\u00e7amento da Prefeitura do Munic\u00edpio de Adamantina no valor total de R$ 650.000,00 (seiscentos e cinquenta mil reais)\u201d.</span></p>\r\n<p style=\"text-align: justify; \"><em><b><a class=\"external-link\" href=\"https://sapl.adamantina.sp.leg.br/media/sapl/public/materialegislativa/2022/14188/37a_projeto_de_lei_068_-_m_083_-_abertura_de_credito_especial_unifai_-_r_2.000.00000_-_usina_de_energia_solar.pdf\" target=\"_blank\" title=\"\">Projeto de Lei n\u00ba 068/2022</a></b><span> \u2013 PM \u2013 que \u201cDisp\u00f5e sobre autoriza\u00e7\u00e3o para abertura de cr\u00e9dito adicional especial ao Or\u00e7amento da Prefeitura do Munic\u00edpio de Adamantina no valor total de R$ 2.000.000,00 (dois milh\u00f5es de reais).\u201d</span></em></p>\r\n<p style=\"text-align: justify; \"><b><span><a class=\"external-link\" href=\"https://sapl.adamantina.sp.leg.br/media/sapl/public/materialegislativa/2022/14189/37a_projeto_de_lei_069_-_m_084-_altera_a_lei_4.157_-_programa_de_desligamento_voluntario_incentivado__pdvi.pdf\" target=\"_blank\" title=\"\">Projeto de Lei n\u00ba 069/2022</a></span></b> \u2013 PM \u2013 que \u201cDisp\u00f5e sobre autoriza\u00e7\u00e3o para suplementar o valor previsto no artigo 20, da Lei n\u00ba 4.157, de 12 de setembro de 2022\u201d.</p>\r\n<p style=\"text-align: justify; \"><b><a class=\"external-link\" href=\"https://sapl.adamantina.sp.leg.br/media/sapl/public/materialegislativa/2022/14191/37a_projeto_de_lei_071_-_m_086-_concessao_bolsa_de_estudos_unifai.pdf\" target=\"_blank\" title=\"\">Projeto de Lei n\u00ba 071/2022</a></b><span> \u2013 PM \u2013 que \u201cDisp\u00f5e sobre a concess\u00e3o de diversas bolsas de estudo pelo Centro Universit\u00e1rio de Adamantina e d\u00e1 outras provid\u00eancias\u201d.</span></p>\r\n<p style=\"text-align: justify; \"><b><a class=\"external-link\" href=\"https://sapl.adamantina.sp.leg.br/media/sapl/public/materialegislativa/2022/14192/37a_projeto_de_lei_complementar_023_-_m_087-_ppi_unifai.pdf\" target=\"_blank\" title=\"\">Projeto de Lei Complementar n\u00ba 023/2022</a></b><span> \u2013 PM \u2013 que \u201cInstitui o Programa de Pagamento Incentivado \u2013 PPI a pessoas f\u00edsicas e jur\u00eddicas com d\u00edvidas inscritas em d\u00edvida ativa com o Centro Universit\u00e1rio de Adamantina \u2013 UNIFAI e d\u00e1 outras provid\u00eancias\u201d.</span></p>\r\n<p style=\"text-align: justify; \">Os projetos foram <strong>aprovados por unanimidade</strong>, exce\u00e7\u00e3o do Projeto de Lei n\u00ba 068/2022, que foi RETIRADO PARA MELHORES ESTUDOS.</p>\r\n<p style=\"text-align: justify; \">Ainda, foram apresentados\u00a0<strong>3 Requerimentos</strong>, <b>29 Indica\u00e7\u00f5es\u00a0</b>e <b>2 Mo\u00e7\u00f5es de Congratula\u00e7\u00f5es e Aplausos</b>.</p>\r\n<p style=\"text-align: justify; \">A reuni\u00e3o contou com a presen\u00e7a de todos os vereadores.</p>\r\n<p style=\"text-align: justify; \">Assista na \u00edntegra a sess\u00e3o em nossa p\u00e1gina no\u00a0<a class=\"external-link\" href=\"https://www.youtube.com/watch?v=4vVyjjx8m_0\" target=\"_blank\" title=\"\">YouTube</a>.</p>\r\n<p style=\"text-align: justify; \">A 39\u00aa Sess\u00e3o Ordin\u00e1ria realizar-se-\u00e1 no dia 07 de novembro de 2022.</p>\r\n<p style=\"text-align: justify; \">Toda comunidade \u00e9 convidada a acompanhar as sess\u00f5es ao vivo pelo\u00a0<a class=\"external-link\" href=\"https://www.facebook.com/CamaraAdamantina\" target=\"_blank\" title=\"\">facebook</a>,\u00a0bem como pela\u00a0R\u00e1dio Cultura, 99,3 FM, TV Cidade e nosso canal no\u00a0<a class=\"external-link\" href=\"https://www.youtube.com/channel/UCzAAhbjCyaxL-tD4m-Zsd-g\" target=\"_blank\" title=\"\">Youtube</a>.</p>", "author_name": "", "version": "1.0", "author_url": "https://www.adamantina.sp.leg.br/author/adm", "provider_name": "C\u00e2mara Municipal de Adamantina", "type": "rich"}