{"provider_url": "https://www.adamantina.sp.leg.br", "title": "Resumo 38\u00aa Sess\u00e3o Extraordin\u00e1ria", "html": "<p style=\"text-align: justify; \">No dia 22 de agosto, esta Casa de Leis realizou a 38\u00aa Sess\u00e3o Extraordin\u00e1ria desta Legislatura.</p>\r\n<p style=\"text-align: justify; \">Conforme <a class=\"external-link\" href=\"https://sapl.adamantina.sp.leg.br/media/sapl/public/materialegislativa/2023/15094/circular_39.pdf\" target=\"_blank\" title=\"\">Circular n\u00ba 039/2023</a>, foram apreciados e votados,\u00a0<b>EM SEGUNDA DISCUSS\u00c3O E REDA\u00c7\u00c3O FINAL</b> os projetos abaixo:</p>\r\n<p style=\"text-align: justify; \"><b><a class=\"external-link\" href=\"https://sapl.adamantina.sp.leg.br/media/sapl/public/materialegislativa/2023/14909/52a_projeto_de_lei_complementar_027_m_069_-_altera_a_lc_94-2007_-_plano_de_carreira_magisterio.pdf\" target=\"_blank\" title=\"\">Projeto de Lei Complementar n\u00ba 027/2023</a></b><span> \u2013 PM \u2013 que \u201cDisp\u00f5e sobre a altera\u00e7\u00e3o da Lei Complementar Municipal n.\u00ba 94, de 22 de novembro de 2007, e d\u00e1 outras provid\u00eancias.\u201d Plano de cargos e sal\u00e1rio e a promo\u00e7\u00e3o horizontal do Magist\u00e9rio Municipal de Adamantina.\u00a0</span></p>\r\n<p style=\"text-align: justify; \"><b><span><a class=\"external-link\" href=\"https://sapl.adamantina.sp.leg.br/media/sapl/public/materialegislativa/2023/15054/55a_projeto_de_lei_complementar_029_m_087_-_atribuicao_de_gratificacao_dos_autores_da_licitacao_unifai.pdf\" target=\"_blank\" title=\"\">Projeto de Lei Complementar n\u00ba 029/23</a></span></b> \u2013 PM \u2013 que \u201cDisp\u00f5e sobre a atribui\u00e7\u00e3o de gratifica\u00e7\u00e3o de fun\u00e7\u00e3o para empregados p\u00fablicos do Centro Universit\u00e1rio de Adamantina - UNIFAI que desempenham atividades de suporte em procedimentos licitat\u00f3rios e contratos administrativos e d\u00e1 outras provid\u00eancias.\u201d</p>\r\n<p style=\"text-align: justify; \">Os projetos foram aprovados por unanimidade.</p>\r\n<p>Todos os projetos foram aprovados por unanimidade.</p>\r\n<p>A reuni\u00e3o contou com a presen\u00e7a de todos os vereadores.</p>\r\n<p>Assista na \u00edntegra a sess\u00e3o em nosso Canal no <a class=\"external-link\" href=\"https://www.youtube.com/watch?v=kyeawtqK_Sk\" target=\"_blank\" title=\"\">YouTube</a>.</p>\r\n<p>Toda comunidade \u00e9 convidada a acompanhar as sess\u00f5es ao vivo pelo\u00a0<a class=\"external-link\" href=\"https://www.facebook.com/CamaraAdamantina\" target=\"_blank\" title=\"\">facebook</a>,\u00a0bem como pela\u00a0R\u00e1dio Cultura, 99,3 FM, TV Cidade e nosso canal no\u00a0<a class=\"external-link\" href=\"https://www.youtube.com/@cmatransmissao\" target=\"_blank\" title=\"\">Youtube</a>.</p>", "author_name": "", "version": "1.0", "author_url": "https://www.adamantina.sp.leg.br/author/adm", "provider_name": "C\u00e2mara Municipal de Adamantina", "type": "rich"}