{"provider_url": "https://www.adamantina.sp.leg.br", "title": "Resumo 37\u00aa Sess\u00e3o Ordin\u00e1ria", "html": "<p style=\"text-align: justify; \">Ontem, 03, esta Casa de Leis realizou a 37\u00aa Sess\u00e3o Ordin\u00e1ria.</p>\r\n<p style=\"text-align: justify; \">Foram apreciados e votados, conforme Circular n\u00ba 039/18, os projetos abaixo:</p>\r\n<p style=\"text-align: justify; \"><em><b>EM DISCUSS\u00c3O \u00daNICA</b></em></p>\r\n<p style=\"text-align: justify; \"><b>Projeto de Lei n\u00ba 046/18</b><span> \u2013 Vereadores Maria de Lourdes Santos Gil e Aguinaldo Pires Galv\u00e3o - que \u201cDisp\u00f5e sobre altera\u00e7\u00e3o de denomina\u00e7\u00e3o de logradouro p\u00fablico do Residencial It\u00e1lia e d\u00e1 outras provid\u00eancias\u201d.</span></p>\r\n<p style=\"text-align: justify; \"><em><b>EM PRIMEIRA DISCUSS\u00c3O</b></em></p>\r\n<p style=\"text-align: justify; \"><b>Projeto de Lei n\u00ba 047/18</b><span> \u2013 Vereadores Ac\u00e1cio Rocha Perez Guerrero e Alcio Roberto Ikeda J\u00fanior \u2013 que \u201cAltera a reda\u00e7\u00e3o da Lei n\u00ba 3.369, de 14 de setembro de 2009, que disp\u00f5e sobre loteamentos urbanos e fechados no munic\u00edpio de Adamantina e d\u00e1 outras provid\u00eancias.\u201d</span></p>\r\n<p style=\"text-align: justify; \"><b><span>Projeto de Lei</span></b><b><span> Complementar n\u00ba </span></b><b><span>017/18</span></b> \u2013 PM \u2013 que \u201c Disp\u00f5e sobre a revoga\u00e7\u00e3o da Lei Complementar n\u00ba 309, de 04 de julho de 2018, que disp\u00f5e sobre autoriza\u00e7\u00e3o para que o Chefe do Poder Executivo possa outorgar Concess\u00e3o de Direito Real de Uso de Im\u00f3vel \u00e0 Dalva Dorigan ME.\u201d</p>\r\n<p style=\"text-align: justify; \"><b>Projeto de Lei</b><b> Complementar n\u00ba </b><b>018/18</b><span> \u2013 PM \u2013 que \u201c Disp\u00f5e sobre autoriza\u00e7\u00e3o para o Chefe do Poder Executivo alienar, por doa\u00e7\u00e3o, \u00e0 empresa Dagoberto Martins Silveira \u2013 ME o im\u00f3vel que especifica\u201d</span></p>\r\n<p style=\"text-align: justify; \"><span>TODOS OS PROJETOS FORAM APROVADOS POR UNANIMIDADE.</span></p>\r\n<p style=\"text-align: justify; \"><span>Foram ainda apresentados\u00a0<strong>41 Indica\u00e7\u00f5es</strong>,\u00a0<strong>3 Mo\u00e7\u00f5es de Congratula\u00e7\u00f5es e Aplausos</strong> e\u00a0<strong>11 Requerimentos</strong>.</span></p>\r\n<p style=\"text-align: justify; \"><span>Estiveram presentes, todos os vereadores, representantes da imprensa escrita e falada, bem como, membros da comunidade.</span></p>\r\n<p style=\"text-align: justify; \"><span>A pr\u00f3xima Sess\u00e3o Ordin\u00e1ria ser\u00e1 realizada em 17 de setembro.</span></p>", "author_name": "adt", "version": "1.0", "author_url": "https://www.adamantina.sp.leg.br/author/adt", "provider_name": "C\u00e2mara Municipal de Adamantina", "type": "rich"}