{"provider_url": "https://www.adamantina.sp.leg.br", "title": "Resumo 37\u00aa Sess\u00e3o Extraordin\u00e1ria", "html": "<p style=\"text-align: justify; \">No \u00faltimo dia 19, a C\u00e2mara Municipal de Adamantina realizou a 37\u00aa Sess\u00e3o Extraordin\u00e1ria</p>\r\n<p style=\"text-align: justify; \">Conforme <a class=\"external-link\" href=\"https://sapl.adamantina.sp.leg.br/media/sapl/public/materialegislativa/2023/15008/circular_035_-_37a_ordinaria.pdf\" target=\"_blank\" title=\"\">Circular n\u00ba 035/2023</a> foram apreciados e votados,\u00a0<b>EM DISCUSS\u00c3O \u00daNICA</b>, os projetos abaixo:</p>\r\n<p style=\"text-align: justify; \">\u00a0</p>\r\n<p style=\"text-align: justify; \"><a class=\"external-link\" href=\"https://sapl.adamantina.sp.leg.br/media/sapl/public/materialegislativa/2023/15004/54a_projeto_de_lei_059_m_078_-_abertura_de_credito_-_r_408.00000_-_convenio_transporte.pdf\" target=\"_blank\" title=\"\"><b><span>Projeto de Lei</span></b><b><span> n\u00ba </span></b><b><span>059/2023</span></b></a> \u2013 PM \u2013 que \u201cDisp\u00f5e sobre autoriza\u00e7\u00e3o para <i>abertura de cr\u00e9dito adicional suplementar </i>ao Or\u00e7amento da Prefeitura do Munic\u00edpio de Adamantina no valor total de R$ 408.000,00 e d\u00e1 outras provid\u00eancias.\u201d (conv\u00eanio transporte)</p>\r\n<p style=\"text-align: justify; \"><a class=\"external-link\" href=\"https://sapl.adamantina.sp.leg.br/media/sapl/public/materialegislativa/2023/15005/54a_projeto_de_lei_060_m_079_-__abertura_de_credito_-_r_30.00000_-_agricultura.pdf\" target=\"_blank\" title=\"\"><b><span>Projeto de Lei</span></b><b><span> n\u00ba </span></b><b><span>060/2023</span></b></a> \u2013 PM \u2013 que \u201cDisp\u00f5e sobre autoriza\u00e7\u00e3o para <i>abertura de cr\u00e9dito adicional suplementar </i>ao Or\u00e7amento da Prefeitura do Munic\u00edpio de Adamantina no valor total de R$ 30.000,00 e d\u00e1 outras provid\u00eancias.\u201d (agricultura)</p>\r\n<p style=\"text-align: justify; \"><a class=\"external-link\" href=\"https://sapl.adamantina.sp.leg.br/media/sapl/public/materialegislativa/2023/15006/54a_projeto_de_lei_061_m_080_-_abertura_de_credito_-_r_66.09403__-_repasse_santa_casa_-_portaria_gm_-_ms_90-2023.pdf\" target=\"_blank\" title=\"\"><b><span>Projeto de Lei</span></b><b><span> n\u00ba </span></b><b><span>061/2023</span></b></a> \u2013 PM \u2013 que \u201cDisp\u00f5e sobre autoriza\u00e7\u00e3o para a Prefeitura do Munic\u00edpio de Adamantina abrir cr\u00e9dito adicional suplementar e repassar \u00e0 Associa\u00e7\u00e3o Lar S\u00e3o Francisco de Assis na Provid\u00eancia de Deus \u2013 Santa Casa de Adamantina, aux\u00edlio financeiro federal e d\u00e1 outras provid\u00eancias.\u201d (abertura de cr\u00e9dito - R$ 66.094,03\u00a0 - repasse Santa Casa - Portaria GM - MS 90-2023)</p>\r\n<p style=\"text-align: justify; \">\u00a0</p>\r\n<p style=\"text-align: justify; \">Todos os projetos foram aprovados por unanimidade.</p>\r\n<p>A reuni\u00e3o contou com a presen\u00e7a de todos os vereadores.</p>\r\n<p>Assista na \u00edntegra a sess\u00e3o em nossa p\u00e1gina no <a class=\"external-link\" href=\"https://www.facebook.com/CamaraAdamantina/videos/2425850647583880\" target=\"_blank\" title=\"\">Facebook</a>.</p>\r\n<p>Toda comunidade \u00e9 convidada a acompanhar as sess\u00f5es ao vivo pelo\u00a0<a class=\"external-link\" href=\"https://www.facebook.com/CamaraAdamantina\" target=\"_blank\" title=\"\">facebook</a>,\u00a0bem como pela\u00a0R\u00e1dio Cultura, 99,3 FM, TV Cidade e nosso canal no\u00a0<a class=\"external-link\" href=\"https://www.youtube.com/@cmatransmissao\" target=\"_blank\" title=\"\">Youtube</a>.</p>", "author_name": "", "version": "1.0", "author_url": "https://www.adamantina.sp.leg.br/author/adm", "provider_name": "C\u00e2mara Municipal de Adamantina", "type": "rich"}