{"provider_url": "https://www.adamantina.sp.leg.br", "title": "Resumo 36\u00aa Sess\u00e3o Ordin\u00e1ria", "html": "<p style=\"text-align: justify; \">No \u00faltimo dia 20, esta Casa de Leis realizou a\u00a0 36\u00aa Sess\u00e3o Ordin\u00e1ria desta Legislatura.</p>\r\n<p style=\"text-align: justify; \">Conforme Circular\u00a0<span>n\u00ba 037/18 foram apreciados e votados:</span></p>\r\n<p style=\"text-align: center; \"><b><span>----------EM DISCUSS\u00c3O \u00daNICA----------</span></b></p>\r\n<p style=\"text-align: justify; \"><b>Projeto de Decreto Legislativo n\u00ba 002/18</b><span> \u2013 Comiss\u00e3o de Finan\u00e7as e Or\u00e7amento - que \u201cDisp\u00f5e sobre a aprecia\u00e7\u00e3o das contas da Prefeitura do Munic\u00edpio de Adamantina \u2013 exerc\u00edcio 2016 \u2013 TC 004269/989/16\u201d.</span></p>\r\n<p style=\"text-align: center; \">\u00a0<b style=\"text-align: center; \">----------EM PRIMEIRA DISCUSS\u00c3O----------</b></p>\r\n<p style=\"text-align: justify; \"><b>Projeto de Lei n\u00ba 041/18</b><span> \u2013 Vereadores Maria de Lourdes Santos Gil, Eduardo Rodrigues Fiorillo e Aguinaldo Pires Galv\u00e3o \u2013 que \u201cDisp\u00f5e sobre a denomina\u00e7\u00e3o de logradouros p\u00fablicos do </span><b>Residencial Veredas</b><span> e d\u00e1 outras provid\u00eancias\u201d.</span></p>\r\n<p style=\"text-align: center; \"><b>----------EM SEGUNDA DISCUSS\u00c3O E REDA\u00c7\u00c3O FINAL----------</b></p>\r\n<p style=\"text-align: justify; \"><b>Projeto de Lei n\u00ba </b><b>038/18</b><span> \u2013 Vereador H\u00e9lio Jos\u00e9 dos Santos \u2013 que \u201cDisp\u00f5e sobre a denomina\u00e7\u00e3o de logradouro p\u00fablico de Rua Jos\u00e9 Modesto\u201d</span></p>\r\n<p style=\"text-align: justify; \"><span>TODOS OS PROJETOS FORAM APROVADOS POR UNANIMIDADE CONFORME SUAS DISCUSS\u00d5ES.</span></p>\r\n<p style=\"text-align: justify; \"><span>Foram ainda apresentados\u00a0<strong>37 Indica\u00e7\u00f5es</strong>,\u00a0<strong>12 Requerimentos</strong> e\u00a0<strong>2 Mo\u00e7\u00f5es de Congratula\u00e7\u00f5es e Aplausos</strong>.</span></p>\r\n<p style=\"text-align: justify; \"><span>Estiveram presentes na reuni\u00e3o, todos os vereadores, representantes da imprensa escrita e falada bem como, membros da comunidade adamantinense.</span></p>\r\n<p style=\"text-align: justify; \"><span>A pr\u00f3xima Sess\u00e3o Ordin\u00e1ria, 37\u00aa, ocorrer\u00e1 dia 03 de setembro pf.\u00a0</span><span>Todos s\u00e3o convidados a assistir no Plen\u00e1rio Vereador Jos\u00e9 Ikeda, \u00e0s 20h ou acompanhar pelas R\u00e1dio Joia ou LIFE FM.</span></p>\r\n<p>\u00a0</p>", "author_name": "adt", "version": "1.0", "author_url": "https://www.adamantina.sp.leg.br/author/adt", "provider_name": "C\u00e2mara Municipal de Adamantina", "type": "rich"}