{"provider_url": "https://www.adamantina.sp.leg.br", "title": "Resumo 36\u00aa Sess\u00e3o Extraordin\u00e1ria", "html": "<p style=\"text-align: justify; \">No dia 23 de maio aconteceu a\u00a0 36\u00aa Sess\u00e3o Extraordin\u00e1ria desta Legislatura.</p>\r\n<p style=\"text-align: justify; \">Conforme <a class=\"external-link\" href=\"https://sapl.adamantina.sp.leg.br/media/sapl/public/materialegislativa/2023/14847/circular_026_-_36a_extraordinaria.pdf\" target=\"_blank\" title=\"\">Circular n\u00ba 026/2023</a>, foi apreciado em Discuss\u00e3o \u00danica o\u00a0<a class=\"external-link\" href=\"https://sapl.adamantina.sp.leg.br/media/sapl/public/materialegislativa/2023/14804/50a_projeto_de_lei_complementar_024_m_053_-_revisao_geral_anual_do_servidores_da_prefeitura_-_15.pdf\" target=\"_blank\" title=\"\"><b>Projeto de Lei</b><b> Complementar n\u00ba </b><b>024/2023</b> </a>\u2013 PM \u2013 que \u201cDisp\u00f5e sobre o reajuste (ganho real) aos vencimentos, proventos e pens\u00f5es dos servidores ativos, inativos e pensionistas da Prefeitura do Munic\u00edpio de Adamantina.\u201d O referido projeto foi aprovado por unanimidade.</p>\r\n<p>A reuni\u00e3o contou com a presen\u00e7a de todos os vereadores.</p>\r\n<p>Assista na \u00edntegra a sess\u00e3o em nosso canal no\u00a0<a class=\"external-link\" href=\"https://www.youtube.com/watch?v=reyn-qgK_js\" target=\"_blank\" title=\"\">YouTube</a>.</p>\r\n<p><span>Toda comunidade \u00e9 convidada a acompanhar as sess\u00f5es ao vivo pelo\u00a0</span><a class=\"external-link\" href=\"https://www.facebook.com/CamaraAdamantina\" target=\"_blank\" title=\"\">facebook</a><span>,\u00a0bem como pela\u00a0R\u00e1dio Cultura, 99,3 FM, TV Cidade e nosso canal no\u00a0</span><a class=\"external-link\" href=\"https://www.youtube.com/@cmatransmissao\" target=\"_blank\" title=\"\">Youtube</a><span>.</span></p>", "author_name": "", "version": "1.0", "author_url": "https://www.adamantina.sp.leg.br/author/adm", "provider_name": "C\u00e2mara Municipal de Adamantina", "type": "rich"}