{"provider_url": "https://www.adamantina.sp.leg.br", "title": "Resumo 36\u00aa Sess\u00e3o Extraordin\u00e1ria", "html": "<p style=\"text-align: justify; \">Ontem, 17, a C\u00e2mara Municipal realizou a 36\u00aa Sess\u00e3o Extraordin\u00e1ria.</p>\r\n<p style=\"text-align: justify; \">Conforme <a class=\"external-link\" href=\"https://sapl.adamantina.sp.leg.br/media/sapl/public/materialegislativa/2019/10912/circular_057_36a_extra.pdf\" target=\"_blank\" title=\"\">Circular n\u00ba 057/19</a>, foram apreciados e votados os projetos como segue:</p>\r\n<p style=\"text-align: center; \"><b><span>EM DISCUSS\u00c3O \u00daNICA</span></b></p>\r\n<p style=\"text-align: justify; \"><a class=\"external-link\" href=\"https://sapl.adamantina.sp.leg.br/media/sapl/public/materialegislativa/2019/10913/oficio_901.2019.gab.pdf\" target=\"_blank\" title=\"\"><b>Of\u00edcio n\u00ba </b><b>901/2019-GAB</b></a><span>, PM, solicitando a retirada do Projeto de Lei objeto da Mensagem n\u00ba 110/2019 \u2013 que \u201cDisp\u00f5e sobre a altera\u00e7\u00e3o da Lei n\u00ba 2.375, de 30 de outubro de 1991 e d\u00e1 outras provid\u00eancias.\u201d, retirado para melhores estudos.\u00a0</span><strong>(APROVADA, POR UNANIMIDADE, A RETIRADA DO PROJETO SOLICITADO)</strong></p>\r\n<p style=\"text-align: justify; \"><b><span><a class=\"external-link\" href=\"https://sapl.adamantina.sp.leg.br/media/sapl/public/materialegislativa/2019/10914/projeto_de_lei_101_-_m_116.pdf\" target=\"_blank\" title=\"\">Projeto de Lei n\u00ba 101/19</a></span></b> \u2013 PM \u2013 que \u201cDisp\u00f5e sobre a altera\u00e7\u00e3o da Lei n\u00ba 2.375, de 30 de outubro de 1991 e d\u00e1 outras provid\u00eancias.\u201d <strong>(APROVADO POR UNANIMIDADE)</strong></p>\r\n<p style=\"text-align: justify; \">\u00a0</p>\r\n<p style=\"text-align: center; \"><b><span>EM SEGUNDA DISCUSS\u00c3O E REDA\u00c7\u00c3O FINAL</span></b></p>\r\n<p style=\"text-align: justify; \"><b><a class=\"external-link\" href=\"https://sapl.adamantina.sp.leg.br/media/sapl/public/materialegislativa/2019/10873/66a_ordinaria_-_pl_097_m_113.pdf\" target=\"_blank\" title=\"\">Projeto de Lei n\u00ba 097/19</a></b><span> \u2013 PM \u2013 que \u201cDisp\u00f5e sobre a denomina\u00e7\u00e3o do CAPS \u2013 Centro de Aten\u00e7\u00e3o Psicossocial de Adamantina de \u2018Dr. Miguel Ramalho Boi\u00e7a\u2019.\u201d\u00a0</span><strong>(APROVADO POR UNANIMIDADE)</strong></p>\r\n<p style=\"text-align: justify; \"><b><span><a class=\"external-link\" href=\"https://sapl.adamantina.sp.leg.br/media/sapl/public/materialegislativa/2019/10874/projeto_de_lei_098_-_denominacao_de_rua_gines__H4TlOHY.pdf\" target=\"_blank\" title=\"\">Projeto de Lei n\u00ba 098/19</a></span></b> \u2013 Vereador Paulo C\u00e9sar Cervelheira de Oliveira \u2013 que \u201cDisp\u00f5e sobre denomina\u00e7\u00e3o de pr\u00f3prio p\u00fablico \u2018Viveiro de Mudas Municipal\u2019 (Gines Peres Cervelheira).\u201d\u00a0<strong>(APROVADO POR UNANIMIDADE)</strong></p>\r\n<p style=\"text-align: justify; \"><b><span><a class=\"external-link\" href=\"https://sapl.adamantina.sp.leg.br/media/sapl/public/materialegislativa/2019/10875/66a_ordinaria_-_pl_099_m_114.pdf\" target=\"_blank\" title=\"\">Projeto de Lei n\u00ba 099/19</a></span></b> \u2013 PM \u2013 que \u201cDisp\u00f5e sobre a implanta\u00e7\u00e3o do Programa Crian\u00e7a Feliz no Munic\u00edpio de Adamantina e d\u00e1 outras provid\u00eancias.\u201d\u00a0<strong>(APROVADO POR UNANIMIDADE)</strong></p>\r\n<p style=\"text-align: justify; \"><b><span><a class=\"external-link\" href=\"https://sapl.adamantina.sp.leg.br/media/sapl/public/materialegislativa/2019/10783/65a_ordinaria_-_plc_035_m_104.pdf\" target=\"_blank\" title=\"\">Projeto de Lei Complementar n\u00ba 035/19</a></span></b> \u2013 PM \u2013 que \u201cDisp\u00f5e sobre autoriza\u00e7\u00e3o para que o Chefe do Poder Executivo possa outorgar Concess\u00e3o de Direito Real de Uso de Im\u00f3veis que especifica e d\u00e1 outras provid\u00eancias.\u201d\u00a0<strong>(APROVADO POR UNANIMIDADE)</strong></p>\r\n<p style=\"text-align: justify; \"><b><span><a class=\"external-link\" href=\"https://sapl.adamantina.sp.leg.br/media/sapl/public/materialegislativa/2019/10784/65a_ordinaria_-_plc_036_m_107.pdf\" target=\"_blank\" title=\"\">Projeto de Lei Complementar n\u00ba 036/19</a></span></b> \u2013 PM \u2013 que \u201cDisp\u00f5e sobre a Revis\u00e3o Geral Anual e o Reajuste dos Proventos e Pens\u00f5es dos Servidores P\u00fablicos Ativos e Inativos do Poder Executivo do Munic\u00edpio de Adamantina e do Centro Universit\u00e1rio de Adamantina - UNIFAI.\u201d\u00a0<strong>(APROVADO POR MAIORIA SIMPLES COM VOTO MINERVA DO PRESIDENTE)</strong></p>\r\n<p style=\"text-align: justify; \">A reuni\u00e3o contou com a presen\u00e7a de todos os vereadores, membros da comunidade e representantes da imprensa escrita e falada.</p>\r\n<p style=\"text-align: justify; \">A C\u00e2mara Municipal entrar\u00e1 em <strong>recesso parlamentar</strong> dia 22 de dezembro at\u00e9 02 de janeiro de 2020.</p>", "author_name": "", "version": "1.0", "author_url": "https://www.adamantina.sp.leg.br/author/adm", "provider_name": "C\u00e2mara Municipal de Adamantina", "type": "rich"}