{"provider_url": "https://www.adamantina.sp.leg.br", "title": "Resumo 35\u00aa Sess\u00e3o Ordin\u00e1ria", "html": "<p style=\"text-align: justify; \">Ontem, 05, a C\u00e2mara Municipal de Adamantina realizou a 35\u00aa Sess\u00e3o Ordin\u00e1ria desta Legislatura.</p>\r\n<p style=\"text-align: justify; \">Conforme <a class=\"external-link\" href=\"https://sapl.adamantina.sp.leg.br/media/sapl/public/materialegislativa/2022/14099/circular_41.pdf\" target=\"_blank\" title=\"\">Circular n\u00ba 041/2022</a> foram apreciados e votados:</p>\r\n<p style=\"text-align: justify; \"><b><span>EM SEGUNDA DISCUSS\u00c3O E REDA\u00c7\u00c3O FINAL</span></b></p>\r\n<p style=\"text-align: justify; \"><b><a class=\"external-link\" href=\"https://sapl.adamantina.sp.leg.br/media/sapl/public/materialegislativa/2022/13998/33a_pl_054_-_m_067_-_plano_de_demissao_voluntario_incentivado_-_pdv.pdf\" target=\"_blank\" title=\"\">Projeto de Lei n\u00ba 054/2022</a></b><span> \u2013 PM \u2013 que \u201cInstitui o Programa de Desligamento Volunt\u00e1rio Incentivado \u2013 PDVI, do Poder Executivo Municipal de Adamantina, Estado de S\u00e3o Paulo\u201d.</span></p>\r\n<p style=\"text-align: justify; \">\u00a0</p>\r\n<p style=\"text-align: justify; \"><b><span>EM DISCUSS\u00c3O \u00daNICA</span></b></p>\r\n<p style=\"text-align: justify; \"><b><a class=\"external-link\" href=\"https://sapl.adamantina.sp.leg.br/media/sapl/public/materialegislativa/2022/14058/pl_055_-_m_069_-_abertura_de_credito_recapeamento_asfaltico_r_295.32361.pdf\" target=\"_blank\" title=\"\">Projeto de Lei n\u00ba 055/2022</a></b><span> \u2013 PM \u2013 que \u201cDisp\u00f5e sobre autoriza\u00e7\u00e3o para </span><i>abertura de cr\u00e9dito adicional suplementar </i><span>ao Or\u00e7amento da Prefeitura do Munic\u00edpio de Adamantina no valor total de R$ 295.323,61 e d\u00e1 outras provid\u00eancias, para recapeamento asf\u00e1ltico da Rua Sebasti\u00e3o Rombaldi, no Parque dos Pioneiros\u201d.</span></p>\r\n<p style=\"text-align: justify; \"><b><span><a class=\"external-link\" href=\"https://sapl.adamantina.sp.leg.br/media/sapl/public/materialegislativa/2022/14059/pl_056_-_m_070_-_autoriza_repassar_para_clinica_repouso_r_80.00000.pdf\" target=\"_blank\" title=\"\">Projeto de Lei n\u00ba 056/2022</a></span></b> \u2013 PM \u2013 que \u201cDisp\u00f5e sobre autoriza\u00e7\u00e3o para a Prefeitura do Munic\u00edpio de Adamantina repassar \u00e0 Cl\u00ednica de Repouso Nosso Lar, subven\u00e7\u00e3o municipal com recursos pr\u00f3prios no valor de R$ 80.000,00 e d\u00e1 outras provid\u00eancias\u201d.</p>\r\n<p style=\"text-align: justify; \">\u00a0</p>\r\n<p style=\"text-align: justify; \"><b><span>EM PRIMEIRA DISCUSS\u00c3O</span></b></p>\r\n<p style=\"text-align: justify; \"><b><a class=\"external-link\" href=\"https://sapl.adamantina.sp.leg.br/media/sapl/public/materialegislativa/2022/14060/plc_019_-_m_068_-_dispoe_alteracao_da_lc_74-2005_-_treliart.pdf\" target=\"_blank\" title=\"\">Projeto de Lei Complementar n\u00ba 019/2022</a></b><span> \u2013 PM \u2013 que \u201cDisp\u00f5e sobre altera\u00e7\u00e3o da Lei Complementar n\u00ba 74, de 26 de dezembro de 2005, que \u2018disp\u00f5e sobre autoriza\u00e7\u00e3o para que o Chefe do Executivo possa outorgar Concess\u00e3o de Direito Real de Uso de Im\u00f3vel\u2019, pois a presente Lei, na \u00e9poca da aprova\u00e7\u00e3o, omitiu o prazo de concess\u00e3o.\u201d</span></p>\r\n<p style=\"text-align: justify; \"><b><span><a class=\"external-link\" href=\"https://sapl.adamantina.sp.leg.br/media/sapl/public/materialegislativa/2022/14061/plc_020_-_m_071-_altera_a_lei_compl._386_-_concessao_area_valentin_gatti_-_geo_analitica.pdf\" target=\"_blank\" title=\"\">Projeto de Lei Complementar n\u00ba 020/2022</a></span></b> \u2013 PM \u2013 que \u201cDisp\u00f5e sobre a altera\u00e7\u00e3o da Lei Complementar n\u00ba 386, de 17 de dezembro de 2021, que disp\u00f5e sobre autoriza\u00e7\u00e3o para que o Chefe do Poder Executivo possa outorgar Concess\u00e3o de Direito Real de Uso de Im\u00f3vel \u00e0 GEO-ANAL\u00cdTICA ESTUDOS E GERENCIAMENTO DE \u00c1REAS CONTAMINADAS LTDA., em raz\u00e3o de erro de digita\u00e7\u00e3o do CNPJ da referida empresa, quando da doa\u00e7\u00e3o da \u00e1rea\u201d.</p>\r\n<p style=\"text-align: justify; \">TODOS OS PROJETOS FORAM APROVADOS POR UNANIMIDADE</p>\r\n<p>Ainda, foram apresentados<strong>\u00a012 Requerimentos</strong>\u00a0e 25<strong>\u00a0Indica\u00e7\u00f5es</strong>.</p>\r\n<p>A reuni\u00e3o contou com a presen\u00e7a de todos os vereadores</p>\r\n<p>Assista na \u00edntegra a sess\u00e3o em nossa p\u00e1gina no\u00a0<a class=\"external-link\" href=\"https://www.facebook.com/CamaraAdamantina/videos/466661018685506/\" target=\"_blank\" title=\"\">Facebook</a>\u00a0</p>\r\n<p>A 36\u00aa Sess\u00e3o Ordin\u00e1ria realizar-se-\u00e1 no dia 19 de setembro de 2022.</p>\r\n<p>Toda comunidade \u00e9 convidada a acompanhar as sess\u00f5es ao vivo pelo\u00a0<a class=\"external-link\" href=\"https://www.facebook.com/CamaraAdamantina\" target=\"_blank\" title=\"\">facebook</a>,\u00a0bem como pela\u00a0R\u00e1dio Cultura, 99,3 FM, TV Cidade e nosso canal no\u00a0<a class=\"external-link\" href=\"https://www.youtube.com/channel/UCzAAhbjCyaxL-tD4m-Zsd-g\" target=\"_blank\" title=\"\">Youtube</a>.</p>", "author_name": "", "version": "1.0", "author_url": "https://www.adamantina.sp.leg.br/author/adm", "provider_name": "C\u00e2mara Municipal de Adamantina", "type": "rich"}