{"provider_url": "https://www.adamantina.sp.leg.br", "title": "Resumo 34\u00aa Sess\u00e3o Ordin\u00e1ria", "html": "<p style=\"text-align: justify; \">Na \u00faltima segunda-feira, 15, a C\u00e2mara Municipal de Adamantina realizou a 34\u00aa Sess\u00e3o Ordin\u00e1ria desta Legislatura.</p>\r\n<p style=\"text-align: justify; \">Conforme Circular n\u00ba 039/2022 foram apreciados e votados os projetos como segue:</p>\r\n<p style=\"text-align: justify; \"><b><span>EM SEGUNDA DISCUSS\u00c3O E REDA\u00c7\u00c3O FINAL</span></b></p>\r\n<p style=\"text-align: justify; \"><b><a class=\"external-link\" href=\"https://sapl.adamantina.sp.leg.br/media/sapl/public/materialegislativa/2022/13669/pl_023.pdf\" target=\"_blank\" title=\"\">Projeto de Lei n\u00ba 023/2022</a></b><span> \u2013 Vereadores Alcio Roberto Ikeda J\u00fanior e Paulo C\u00e9sar Cervelheira de Oliveira \u2013 que \u201cDisp\u00f5e sobre a cria\u00e7\u00e3o do Programa \u2018M\u00e9dico Adamantinense\u2019 e d\u00e1 outras provid\u00eancias\u201d.</span></p>\r\n<p style=\"text-align: justify; \"><b><span><a class=\"external-link\" href=\"https://sapl.adamantina.sp.leg.br/media/sapl/public/materialegislativa/2022/13960/32a_plc_016_-_msg_059_-__lei_de_reversao_valentim_gatti__-_construlix_construcao.pdf\" target=\"_blank\" title=\"\">Projeto de Lei Complementar n\u00ba 016/2022</a></span></b> \u2013 PM \u2013 que \u201cDisp\u00f5e sobre a revoga\u00e7\u00e3o da Lei Complementar n\u00ba 308, de 04 de julho de 2018, que disp\u00f5e sobre autoriza\u00e7\u00e3o para que o Chefe do Poder Executivo possa outorgar Concess\u00e3o de Direito Real de Uso de Im\u00f3vel \u00e0 CONSTRULIX CONSTRU\u00c7\u00c3O, IND\u00daSTRIA, COM\u00c9RCIO E SERVI\u00c7OS LTDA\u201d.</p>\r\n<p style=\"text-align: justify; \">\u00a0</p>\r\n<p style=\"text-align: justify; \"><b><span>EM DISCUSS\u00c3O \u00daNICA</span></b></p>\r\n<p style=\"text-align: justify; \"><b><a class=\"external-link\" href=\"https://sapl.adamantina.sp.leg.br/media/sapl/public/materialegislativa/2022/13993/33a_pl_049_-_m_060_-_abertura_de_credito_suplementar_unifai_-_r_810.00000.pdf\" target=\"_blank\" title=\"\">Projeto de Lei n\u00ba 049/2022</a></b><span> \u2013 PM \u2013 que \u201cDisp\u00f5e sobre autoriza\u00e7\u00e3o para </span><i>abertura de cr\u00e9dito adicional suplementar </i><span>ao Or\u00e7amento da Prefeitura do Munic\u00edpio de Adamantina no valor total de R$ 810.000,00 (oitocentos e dez mil reais)\u201d.</span></p>\r\n<p style=\"text-align: justify; \"><b><span><a class=\"external-link\" href=\"https://sapl.adamantina.sp.leg.br/media/sapl/public/materialegislativa/2022/13994/33a_pl_050_-_m_061_-_abertura_de_credito_especial_unifai_-_r_10.00000_-_premiacao_concurso_cultural.pdf\" target=\"_blank\" title=\"\">Projeto de Lei n\u00ba 050/2022</a></span></b> \u2013 PM \u2013 que \u201cDisp\u00f5e sobre autoriza\u00e7\u00e3o para <i>abertura de cr\u00e9dito adicional especial </i>ao Or\u00e7amento da Prefeitura do Munic\u00edpio de Adamantina no valor total de R$ 10.000,00 (dez mil reais)\u201d.</p>\r\n<p style=\"text-align: justify; \"><b><span><a class=\"external-link\" href=\"https://sapl.adamantina.sp.leg.br/media/sapl/public/materialegislativa/2022/13995/33a_pl_051_m_062_-_abertura_de_credito_r_102.80000_-_emenda_cultura.pdf\" target=\"_blank\" title=\"\">Projeto de Lei n\u00ba 051/2022</a></span></b> \u2013 PM \u2013 que \u201cDisp\u00f5e sobre autoriza\u00e7\u00e3o para <i>abertura de cr\u00e9dito adicional suplementar </i>ao Or\u00e7amento da Prefeitura do Munic\u00edpio de Adamantina, no valor total de R$ 102.800,00 e d\u00e1 outras provid\u00eancias\u201d.</p>\r\n<p style=\"text-align: justify; \"><b><span><a class=\"external-link\" href=\"https://sapl.adamantina.sp.leg.br/media/sapl/public/materialegislativa/2022/13996/33a_pl_052_m_064_-_denomina_o_museu_historico_de_adamantina.pdf\" target=\"_blank\" title=\"\">Projeto de Lei n\u00ba 052/2022</a></span></b> \u2013 PM \u2013 que \u201cDisp\u00f5e sobre a denomina\u00e7\u00e3o do Museu e Arquivo Hist\u00f3rico de Adamantina \u201cSr\u00aa Setsu Onishi\u201d\u201d.</p>\r\n<p style=\"text-align: justify; \"><b><span><a class=\"external-link\" href=\"https://sapl.adamantina.sp.leg.br/media/sapl/public/materialegislativa/2022/14000/33a_plc_018_msg_066_-_institui_o_ppi_2022.pdf\" target=\"_blank\" title=\"\">Projeto de Lei Complementar n\u00ba 018/2022</a></span></b> \u2013 PM \u2013 que \u201cInstitui o Programa de Parcelamento Incentivado \u2013 PPI, \u00e0s pessoas F\u00edsicas e Jur\u00eddicas do Munic\u00edpio de Adamantina \u2013 SP, de d\u00e9bitos inscritos ou n\u00e3o em d\u00edvida ativa, ajuizados ou n\u00e3o ajuizados, e d\u00e1 outras provid\u00eancias\u201d.</p>\r\n<p style=\"text-align: justify; \">\u00a0</p>\r\n<p style=\"text-align: justify; \"><b><span>EM PRIMEIRA DISCUSS\u00c3O</span></b></p>\r\n<p style=\"text-align: justify; \"><b><a class=\"external-link\" href=\"https://sapl.adamantina.sp.leg.br/media/sapl/public/materialegislativa/2022/13998/33a_pl_054_-_m_067_-_plano_de_demissao_voluntario_incentivado_-_pdv.pdf\" target=\"_blank\" title=\"\">Projeto de Lei n\u00ba 054/2022</a></b><span> \u2013 PM \u2013 que \u201cInstitui o Programa de Desligamento Volunt\u00e1rio Incentivado \u2013 PDVI, do Poder Executivo Municipal de Adamantina, Estado de S\u00e3o Paulo\u201d.</span></p>\r\n<p style=\"text-align: justify; \"><span><br /></span></p>\r\n<p style=\"text-align: justify; \"><span>TODOS OS PROJETOS FORAM APROVADOS POR UNANIMIDADE</span></p>\r\n<p style=\"text-align: justify; \"><span>Ainda, foram apresentados</span><strong> 8 Requerimentos</strong><span>,</span><strong>19 Indica\u00e7\u00f5es</strong><span> e\u00a0</span><strong>4 Mo\u00e7\u00f5es de Congratula\u00e7\u00f5es e Aplausos</strong><span>.</span></p>\r\n<p>A reuni\u00e3o contou com a presen\u00e7a de todos os vereadores</p>\r\n<p>Assista na \u00edntegra a sess\u00e3o em nossa p\u00e1gina no\u00a0<a class=\"external-link\" href=\"https://www.facebook.com/CamaraAdamantina/videos/3264841183843665/\" target=\"_blank\" title=\"\">Facebook</a>\u00a0ou\u00a0<a class=\"external-link\" href=\"https://www.youtube.com/watch?v=kvUwLQZhrSo\" target=\"_blank\" title=\"\">YouTube</a>.</p>\r\n<p>A 35\u00aa Sess\u00e3o Ordin\u00e1ria realizar-se-\u00e1 no dia 05 de setembro de 2022.</p>\r\n<p>Toda comunidade \u00e9 convidada a acompanhar as sess\u00f5es ao vivo pelo\u00a0<a class=\"external-link\" href=\"https://www.facebook.com/CamaraAdamantina\" target=\"_blank\" title=\"\">facebook</a>,\u00a0bem como pela\u00a0R\u00e1dio Cultura, 99,3 FM, TV Cidade e nosso canal no\u00a0<a class=\"external-link\" href=\"https://www.youtube.com/channel/UCzAAhbjCyaxL-tD4m-Zsd-g\" target=\"_blank\" title=\"\">Youtube</a>.</p>", "author_name": "", "version": "1.0", "author_url": "https://www.adamantina.sp.leg.br/author/adm", "provider_name": "C\u00e2mara Municipal de Adamantina", "type": "rich"}