{"provider_url": "https://www.adamantina.sp.leg.br", "title": "Resumo 34\u00aa Sess\u00e3o Ordin\u00e1ria", "html": "<p style=\"text-align: justify; \">No \u00faltimo dia 16 esta Casa de Leis realizou a 34\u00aa Sess\u00e3o Ordin\u00e1ria.</p>\r\n<p style=\"text-align: justify; \">Conforme Circular n\u00ba 031/18 foram apreciados e votados os projetos abaixo, que foram aprovados por unanimidade conforme suas discuss\u00f5es:</p>\r\n<p style=\"text-align: center; \"><b><span>----------EM DISCUSS\u00c3O \u00daNICA----------</span></b></p>\r\n<p style=\"text-align: justify; \"><b>Projeto de Lei n\u00ba 0</b><b>34/18</b><span> \u2013 PM \u2013 que \u201c Disp\u00f5e sobre autoriza\u00e7\u00e3o para abertura de cr\u00e9dito suplementar ao Or\u00e7amento da Prefeitura do Munic\u00edpio de Adamantina no valor total de R$ 919.412,00 e d\u00e1 outras provid\u00eancias.\u201d</span></p>\r\n<p style=\"text-align: justify; \"><b><span>Projeto de Lei n\u00ba 0</span></b><b><span>35/18</span></b> \u2013 PM \u2013 que \u201c Disp\u00f5e sobre altera\u00e7\u00e3o da Lei n\u00ba 3.757, de 10 de maio de 2017, que Reestrutura o CMAS \u2013 Conselho Municipal de Assist\u00eancia Social, nos termos da Lei Federal n\u00ba 8.742, de 07 de dezembro de 1993, alterada pela Lei Federal n\u00ba 12.435, de 06 de julho de 2011 e outras legisla\u00e7\u00f5es vigentes e d\u00e1 outras provid\u00eancias.\u201d</p>\r\n<p style=\"text-align: center; \"><b><span>----------EM PRIMEIRA DISCUSS\u00c3O----------</span></b></p>\r\n<p style=\"text-align: justify; \"><b>Projeto de Lei n\u00ba 033/18</b><span> \u2013 Vereador H\u00e9lio Jos\u00e9 dos Santos \u2013 que \u201cDisp\u00f5e sobre a denomina\u00e7\u00e3o do trecho que liga a Rua Professora Maria Esther Tofoli \u00e0 Rua Santos Dumont (Rua Dante Bolgue).\u201d</span></p>\r\n<p style=\"text-align: justify; \"><b><span>Projeto de Lei Complementar n\u00ba 014/18</span></b> \u2013 PM \u2013 que \u201cDisp\u00f5e sobre altera\u00e7\u00e3o do Anexo V da Lei Complementar n\u00ba 307, de 23 de maio de 2018.\u201d</p>\r\n<p style=\"text-align: justify; \"><b><span>Projeto de Lei Complementar n\u00ba 015/18</span></b> \u2013 PM \u2013 que \u201cDisp\u00f5e sobre altera\u00e7\u00e3o do Anexo II da Lei Complementar n\u00ba 191, de 04 de abril de 2012.\u201d</p>\r\n<p style=\"text-align: justify; \"><b><span>Projeto de Lei Complementar n\u00ba 016/18</span></b> \u2013 PM \u2013 que \u201cDisp\u00f5e sobre autoriza\u00e7\u00e3o para o Chefe do Poder Executivo alienar, por doa\u00e7\u00e3o, \u00e0 empresa C. A. Doretto &amp; Cia. Ltda. \u2013 ME o im\u00f3vel que especifica.\u201d<b><span></span></b></p>\r\n<p style=\"text-align: justify; \">\u00a0</p>\r\n<p style=\"text-align: center; \"><b><span>----------EM SEGUNDA DISCUSS\u00c3O E REDA\u00c7\u00c3O FINAL----------</span></b><b><span></span></b></p>\r\n<p style=\"text-align: justify; \"><b>Projeto de Lei n\u00ba 019/18</b><span> \u2013 PM \u2013 que \u201cDisp\u00f5e sobre as Diretrizes Or\u00e7ament\u00e1rias para Elabora\u00e7\u00e3o e Execu\u00e7\u00e3o da Lei Or\u00e7ament\u00e1ria para o Exerc\u00edcio Financeiro de 2019 e d\u00e1 outras provid\u00eancias.\u201d</span></p>\r\n<p style=\"text-align: justify; \"><span>Foram ainda apreciados e votados\u00a0<strong>33 Indica\u00e7\u00f5es</strong>,\u00a0<strong>3 Mo\u00e7\u00f5es de Congratula\u00e7\u00f5es e Aplausos</strong>, e\u00a0<strong>10 Requerimentos</strong>.</span></p>\r\n<p style=\"text-align: justify; \"><span>A reuni\u00e3o contou com a presen\u00e7a de todos os vereadores, representantes da imprensa escrita e falada bem como\u00a0<span>membros da comunidade adamantinense.</span></span></p>\r\n<p style=\"text-align: justify; \"><span>A C\u00e2mara de Adamantina est\u00e1 em recesso parlamentar. A pr\u00f3xima Sess\u00e3o ser\u00e1 realizada em\u00a0\u00a0<strong>06 de agosto de 2016</strong>.</span></p>", "author_name": "adt", "version": "1.0", "author_url": "https://www.adamantina.sp.leg.br/author/adt", "provider_name": "C\u00e2mara Municipal de Adamantina", "type": "rich"}