{"provider_url": "https://www.adamantina.sp.leg.br", "title": "Resumo 34\u00aa Sess\u00e3o Extraordin\u00e1ria", "html": "<p style=\"text-align: justify; \">Ontem, 05, esta Casa de Leis realizou a 34\u00aa Sess\u00e3o Extraordin\u00e1ria.</p>\r\n<p style=\"text-align: justify; \">Conforme <a class=\"external-link\" href=\"https://sapl.adamantina.sp.leg.br/media/sapl/public/materialegislativa/2019/10787/circular_053_34a_extra.pdf\" target=\"_blank\" title=\"\">Circular n\u00ba 053/19</a>\u00a0 foram apreciados e votados os projetos como segue:</p>\r\n<p style=\"text-align: center; \"><b><span>EM SEGUNDA DISCUSS\u00c3O E REDA\u00c7\u00c3O FINAL</span></b></p>\r\n<p style=\"text-align: justify; \"><b><a class=\"external-link\" href=\"https://sapl.adamantina.sp.leg.br/media/sapl/public/materialegislativa/2019/10760/64a_ordinaria_-_pl_083_-_m_097.pdf\" target=\"_blank\" title=\"\">Projeto de Lei n\u00ba 083/19</a></b><span> \u2013 PM \u2013 que \u201cAutoriza o Poder Executivo a instituir no Munic\u00edpio de Adamantina o Programa de Aquisi\u00e7\u00e3o de Alimentos \u2013 PAA e d\u00e1 outras provid\u00eancias.\u201d <strong>(APROVADO POR UNANIMIDADE)</strong></span></p>\r\n<p style=\"text-align: justify; \"><b><span><a class=\"external-link\" href=\"https://sapl.adamantina.sp.leg.br/media/sapl/public/materialegislativa/2019/10763/64a_ordinaria_-_plc_032_-_m_096.pdf\" target=\"_blank\" title=\"\">Projeto de Lei Complementar n\u00ba 032/19</a></span></b> \u2013 PM \u2013 que \u201cDisp\u00f5e sobre altera\u00e7\u00e3o do quadro de pessoal do Centro Universit\u00e1rio de Adamantina - UNIFAI e d\u00e1 outras provid\u00eancias.\u201d\u00a0<strong>(APROVADO POR UNANIMIDADE)</strong><b></b></p>\r\n<p style=\"text-align: justify; \"><b><span><a class=\"external-link\" href=\"https://sapl.adamantina.sp.leg.br/media/sapl/public/materialegislativa/2019/10764/projeto_de_lei_complementar_033_-altera_a_lei__X1f1UR6.pdf\" target=\"_blank\" title=\"\">Projeto de Lei Complementar n\u00ba 033/19</a></span></b> \u2013 Vereadores Alcio Roberto Ikeda J\u00fanior, Ac\u00e1cio Rocha Perez Guerrero e Paulo C\u00e9sar Cervelheira de Oliveira \u2013 que \u201cAltera a Lei Complementar n\u00b0 259, de 05 de abril de 2016, que \u201cDisp\u00f5e sobre regras das Concess\u00f5es de Direito Real de Uso de Im\u00f3veis \u00e0s Empresas nos ramos da Ind\u00fastria e/ou Com\u00e9rcio e d\u00e1 outras provid\u00eancias.\u201d\u00a0<strong>(APROVADO POR UNANIMIDADE)</strong></p>\r\n<p style=\"text-align: justify; \"><b><span><a class=\"external-link\" href=\"https://sapl.adamantina.sp.leg.br/media/sapl/public/materialegislativa/2019/10765/64a_ordinaria_-_plc_034_-_m_100.pdf\" target=\"_blank\" title=\"\">Projeto de Lei Complementar n\u00ba 034/19</a></span></b> \u2013 PM \u2013 que \u201cAutoriza o Executivo a alienar, por doa\u00e7\u00e3o e com encargos, um bem im\u00f3vel sem benfeitorias, de propriedade do patrim\u00f4nio p\u00fablico da Fazenda Municipal, em favor da Ordem dos Advogados do Brasil, Se\u00e7\u00e3o de S\u00e3o Paulo e d\u00e1 outras provid\u00eancias.\u201d\u00a0<strong>(APROVADO POR UNANIMIDADE)</strong></p>\r\n<p style=\"text-align: justify; \">\u00a0</p>\r\n<p style=\"text-align: center; \"><b>EM PRIMEIRA DISCUSS\u00c3O</b></p>\r\n<p style=\"text-align: justify; \"><b><a class=\"external-link\" href=\"https://sapl.adamantina.sp.leg.br/media/sapl/public/materialegislativa/2019/10620/pl_080_-_m_093_leitura_63a_ordinaria.pdf\" target=\"_blank\" title=\"\">Projeto de Lei n\u00ba 080/19</a></b><span> \u2013 PM \u2013 que \u201cDisp\u00f5e sobre a denomina\u00e7\u00e3o de logradouro p\u00fablico e prolongamento da Avenida da Saudade e d\u00e1 outras provid\u00eancias.\u201d\u00a0<strong>(RETIRADO PARA MELHORES ESTUDOS)</strong></span></p>\r\n<p style=\"text-align: justify; \"><b><span><a class=\"external-link\" href=\"https://sapl.adamantina.sp.leg.br/media/sapl/public/materialegislativa/2019/10784/65a_ordinaria_-_plc_036_m_107.pdf\" target=\"_blank\" title=\"\">Projeto de Lei Complementar n\u00ba 036/19</a></span></b> \u2013 PM \u2013 que \u201cDisp\u00f5e sobre a Revis\u00e3o Geral Anual e o Reajuste dos Vencimentos, Proventos e Pens\u00f5es dos Servidores P\u00fablicos Ativos e Inativos do Poder Executivo do Munic\u00edpio de Adamantina e do Centro Universit\u00e1rio de Adamantina \u2013 UNIFAI.\u201d\u00a0<strong>(APROVADO POR UNANIMIDADE)</strong></p>\r\n<p style=\"text-align: justify; \">\u00a0</p>\r\n<p style=\"text-align: center; \">\u00a0<b>EM DISCUSS\u00c3O \u00daNICA</b></p>\r\n<p style=\"text-align: justify; \"><b><a class=\"external-link\" href=\"https://sapl.adamantina.sp.leg.br/media/sapl/public/materialegislativa/2019/10772/65a_ordinaria_-_pl_086_m_101.pdf\" target=\"_blank\" title=\"\">Projeto de Lei n\u00ba 086/19</a></b><span> \u2013 PM \u2013 que \u201cDisp\u00f5e sobre autoriza\u00e7\u00e3o para que o Chefe do Executivo possa celebrar conv\u00eanio com o Tribunal Regional Eleitoral, objetivando o pagamento pela municipalidade da m\u00e3o-de-obra e materiais necess\u00e1rios para a climatiza\u00e7\u00e3o do im\u00f3vel em que est\u00e1 instalado o Cart\u00f3rio Eleitoral no Munic\u00edpio de Adamantina.\u201d\u00a0<strong>(APROVADO POR UNANIMIDADE)</strong></span></p>\r\n<p style=\"text-align: justify; \"><b><span><a class=\"external-link\" href=\"https://sapl.adamantina.sp.leg.br/media/sapl/public/materialegislativa/2019/10777/65a_ordinaria_-_pl_091_m_108.pdf\" target=\"_blank\" title=\"\">Projeto de Lei n\u00ba 091/19</a></span></b> \u2013 PM \u2013 que \u201cDisp\u00f5e sobre autoriza\u00e7\u00e3o para repasse e aditamento do Termo de Colabora\u00e7\u00e3o celebrado entre o Centro Universit\u00e1rio de Adamantina \u2013 UNIFAI e a Santa Casa de Miseric\u00f3rdia de Adamantina e d\u00e1 outras provid\u00eancias.\u201d\u00a0<span>\u00a0</span><strong>(RETIRADO PARA MELHORES ESTUDOS)</strong></p>\r\n<p style=\"text-align: justify; \"><b><span><a class=\"external-link\" href=\"https://sapl.adamantina.sp.leg.br/media/sapl/public/materialegislativa/2019/10779/65a_ordinaria_-_pl_093_m_111.pdf\" target=\"_blank\" title=\"\">Projeto de Lei n\u00ba 093/19</a></span></b> \u2013 PM \u2013 que \u201cAutoriza o Poder Executivo Municipal a celebrar Conv\u00eanio com a Universidade Estadual de Campinas e d\u00e1 outras provid\u00eancias.\u201d\u00a0<strong>(APROVADO POR UNANIMIDADE)</strong></p>\r\n<p style=\"text-align: justify; \"><b><span><a class=\"external-link\" href=\"https://sapl.adamantina.sp.leg.br/media/sapl/public/materialegislativa/2019/10781/65a_ordinaria_-_pl_095_m_106.pdf\" target=\"_blank\" title=\"\">Projeto de Lei n\u00ba 095/19</a></span></b> \u2013 PM \u2013 que \u201cDisp\u00f5e sobre a denomina\u00e7\u00e3o do CIS \u2013 Centro Integrado de Sa\u00fade de \u201cDr. Jo\u00e3o Salvi\u201d.\u201d\u00a0<strong>(APROVADO POR UNANIMIDADE)</strong></p>\r\n<p style=\"text-align: justify; \">\u00a0</p>\r\n<p style=\"text-align: justify; \">A reuni\u00e3o contou com a presen\u00e7a de todos os Vereadores, membros da comunidade e representantes da imprensa escrita e falada.</p>\r\n<p style=\"text-align: justify; \">Assista na \u00edntegra a transmiss\u00e3o da Sess\u00e3o em nossa <a class=\"external-link\" href=\"http://bit.ly/2Yn8sNr\" target=\"_blank\" title=\"\">fanpage</a>.</p>", "author_name": "", "version": "1.0", "author_url": "https://www.adamantina.sp.leg.br/author/adm", "provider_name": "C\u00e2mara Municipal de Adamantina", "type": "rich"}