{"provider_url": "https://www.adamantina.sp.leg.br", "title": "Resumo 33\u00aa Sess\u00e3o Ordin\u00e1ria", "html": "<p style=\"text-align: justify; \">Na \u00faltima segunda-feira, 01, a C\u00e2mara Municipal de Adamantina realizou a\u00a0 33\u00aa Sess\u00e3o Ordin\u00e1ria desta Legislatura.</p>\r\n<p style=\"text-align: justify; \">Foram apresentados\u00a0<strong>9 Requerimentos</strong>,\u00a0<strong>43 Indica\u00e7\u00f5es</strong> e\u00a0<strong>1 Mo\u00e7\u00e3o de Congratula\u00e7\u00f5es e Aplausos</strong>.</p>\r\n<p style=\"text-align: justify; \">Conforme <a class=\"external-link\" href=\"https://sapl.adamantina.sp.leg.br/media/sapl/public/materialegislativa/2022/13992/circular_036_-_33a_ordinaria.pdf\" target=\"_blank\" title=\"\">Circular n\u00ba 036/2022</a>foram apreciados e votados,\u00a0<b>EM PRIMEIRA DISCUSS\u00c3O</b> os projetos abaixo</p>\r\n<p style=\"text-align: justify; \"><span>*<strong> <a class=\"external-link\" href=\"https://sapl.adamantina.sp.leg.br/media/sapl/public/materialegislativa/2022/13669/pl_023.pdf\" target=\"_blank\" title=\"\">P</a></strong></span><b><a class=\"external-link\" href=\"https://sapl.adamantina.sp.leg.br/media/sapl/public/materialegislativa/2022/13669/pl_023.pdf\" target=\"_blank\" title=\"\">rojeto de Lei n\u00ba 023/2022</a></b><span> \u2013 Vereadores Alcio Roberto Ikeda J\u00fanior e Paulo C\u00e9sar Cervelheira de Oliveira \u2013 que \u201cDisp\u00f5e sobre a cria\u00e7\u00e3o do Programa \u2018M\u00e9dico Adamantinense\u2019 e d\u00e1 outras provid\u00eancias\u201d.</span></p>\r\n<p style=\"text-align: justify; \"><b>* <a class=\"external-link\" href=\"https://sapl.adamantina.sp.leg.br/media/sapl/public/materialegislativa/2022/13960/32a_plc_016_-_msg_059_-__lei_de_reversao_valentim_gatti__-_construlix_construcao.pdf\" target=\"_blank\" title=\"\">Projeto de Lei Complementar n\u00ba 016/2022</a></b><span> \u2013 PM \u2013 que \u201cDisp\u00f5e sobre a revoga\u00e7\u00e3o da Lei Complementar n\u00ba 308, de 04 de julho de 2018, que disp\u00f5e sobre autoriza\u00e7\u00e3o para que o Chefe do Poder Executivo possa outorgar Concess\u00e3o de Direito Real de Uso de Im\u00f3vel \u00e0 CONSTRULIX CONSTRU\u00c7\u00c3O, IND\u00daSTRIA, COM\u00c9RCIO E SERVI\u00c7OS LTDA\u201d.</span></p>\r\n<p style=\"text-align: justify; \"><span>Ambos projetos foram aprovados por unanimidade, em Primeira Discuss\u00e3o.</span></p>\r\n<p>A reuni\u00e3o contou com a presen\u00e7a de todos os vereadores</p>\r\n<p>Assista na \u00edntegra a sess\u00e3o em nossa p\u00e1gina no\u00a0<a class=\"external-link\" href=\"https://www.facebook.com/CamaraAdamantina/videos/1734775136868038/\" target=\"_blank\" title=\"\">Facebook</a>\u00a0ou <a class=\"external-link\" href=\"https://www.youtube.com/watch?v=VtYZ9o8HKgU&amp;feature=youtu.be\" target=\"_blank\" title=\"\">YouTube</a>.</p>\r\n<p>A 34\u00aa Sess\u00e3o Ordin\u00e1ria realizar-se-\u00e1 no dia 15 de agosto de 2022.</p>\r\n<p>Toda comunidade \u00e9 convidada a acompanhar as sess\u00f5es ao vivo pelo\u00a0<a class=\"external-link\" href=\"https://www.facebook.com/CamaraAdamantina\" target=\"_blank\" title=\"\">facebook</a>,\u00a0bem como pela\u00a0R\u00e1dio Cultura, 99,3 FM, TV Cidade e nosso canal no <a class=\"external-link\" href=\"https://www.youtube.com/channel/UCzAAhbjCyaxL-tD4m-Zsd-g\" target=\"_blank\" title=\"\">Youtube</a>.</p>", "author_name": "", "version": "1.0", "author_url": "https://www.adamantina.sp.leg.br/author/adm", "provider_name": "C\u00e2mara Municipal de Adamantina", "type": "rich"}