{"provider_url": "https://www.adamantina.sp.leg.br", "title": "Resumo 33\u00aa Sess\u00e3o Ordin\u00e1ria", "html": "<p style=\"text-align: justify; \">Esta Casa de Leis realizou na data de ontem,\u00a0 03, a 33\u00aa Sess\u00e3o Ordin\u00e1ria. Foram apreciados e votados, conforme Circular n\u00ba 026/18 os projetos abaixo que foram <b>aprovados por unanimidade</b> conforme as discuss\u00f5es discriminadas:</p>\r\n<p style=\"text-align: justify; \"><b><span>EM DISCUSS\u00c3O \u00daNICA</span></b></p>\r\n<p style=\"text-align: justify; \"><b>Projeto de Lei n\u00ba 032/18</b><span> \u2013 PM \u2013 que \u201cDisp\u00f5e sobre a altera\u00e7\u00e3o da Lei n\u00ba 3.765, de 11 de julho de 2017, que disp\u00f5e sobre a cria\u00e7\u00e3o do Conselho Municipal de Turismo e d\u00e1 outras provid\u00eancias.\u201d</span></p>\r\n<p style=\"text-align: justify; \"><b>EM PRIMEIRA DISCUSS\u00c3O</b></p>\r\n<p style=\"text-align: justify; \"><b>Projeto de Lei n\u00ba 019/18</b><span> \u2013 PM \u2013 que \u201cDisp\u00f5e sobre as Diretrizes Or\u00e7ament\u00e1rias para Elabora\u00e7\u00e3o e Execu\u00e7\u00e3o da Lei Or\u00e7ament\u00e1ria para o Exerc\u00edcio Financeiro de 2019 e d\u00e1 outras provid\u00eancias.\u201d</span></p>\r\n<p style=\"text-align: justify; \"><b>EM SEGUNDA DISCUSS\u00c3O E REDA\u00c7\u00c3O FINAL</b></p>\r\n<p style=\"text-align: justify; \"><b>Projeto de Lei Complementar n\u00ba 007/18</b><span> \u2013 PM \u2013 que \u201cDisp\u00f5e sobre autoriza\u00e7\u00e3o para que o Chefe do Poder Executivo possa outorgar Concess\u00e3o de Direito Real de Uso de Im\u00f3vel \u00e0 Construlix \u2013 Constru\u00e7\u00e3o, Ind\u00fastria, Com\u00e9rcio e Servi\u00e7os Ltda.\u201d</span></p>\r\n<p style=\"text-align: justify; \"><b><span>Projeto de Lei Complementar n\u00ba 008/18</span></b> \u2013 PM \u2013 que \u201cDisp\u00f5e sobre autoriza\u00e7\u00e3o para que o Chefe do Poder Executivo possa outorgar Concess\u00e3o de Direito Real de Uso de Im\u00f3vel \u00e0 Dalva Dorigan ME.\u201d</p>\r\n<p style=\"text-align: justify; \"><b><span>Projeto de Lei Complementar n\u00ba 009/18</span></b> \u2013 PM \u2013 que \u201cDisp\u00f5e sobre autoriza\u00e7\u00e3o para que o Chefe do Poder Executivo possa outorgar Concess\u00e3o de Direito Real de Uso de Im\u00f3vel `a Valmir de Souza &amp; Cia. Ltda.\u201d</p>\r\n<p style=\"text-align: justify; \"><b><span>Projeto de Lei Complementar n\u00ba 010/18</span></b> \u2013 PM \u2013 que \u201cDisp\u00f5e sobre autoriza\u00e7\u00e3o para que o Chefe do Poder Executivo possa outorgar Concess\u00e3o de Direito Real de Uso de Im\u00f3vel \u00e0 Andreotti &amp; Zapparolli Ltda. ME.\u201d</p>\r\n<p style=\"text-align: justify; \"><b><span>Projeto de Lei Complementar n\u00ba 011/18</span></b> \u2013 PM \u2013 que \u201cDisp\u00f5e sobre autoriza\u00e7\u00e3o para que o Chefe do Poder Executivo possa outorgar Concess\u00e3o de Direito Real de Uso de Im\u00f3vel \u00e0 Geo-Anal\u00edtica Sondagens de Adamantina Ltda. ME.\u201d</p>\r\n<p style=\"text-align: justify; \"><b><span>Projeto de Lei Complementar n\u00ba 012/18</span></b> \u2013 PM \u2013 que \u201cDisp\u00f5e sobre autoriza\u00e7\u00e3o para que o Chefe do Poder Executivo possa outorgar Concess\u00e3o de Direito Real de Uso de Im\u00f3vel \u00e0 Gustavo Garcia Lopes Ribeira.\u201d</p>\r\n<p style=\"text-align: justify; \"><b><span>Projeto de Lei Complementar n\u00ba 013/18</span></b> \u2013 PM \u2013 que \u201cDisp\u00f5e sobre autoriza\u00e7\u00e3o para que o Chefe do\u00a0 Poder Executivo possa outorgar Concess\u00e3o de Direito Real de Uso de Im\u00f3vel \u00e0 Adasebo \u2013 Ind\u00fastria e Com\u00e9rcio de Produtos Animais Ltda.\u201d</p>\r\n<p style=\"text-align: justify; \">Foram ainda apresentadas\u00a0<strong>23 Indica\u00e7\u00f5es</strong>,\u00a0<strong>2 Mo\u00e7\u00f5es de Congratula\u00e7\u00f5es\u00a0 e Aplausos</strong>,\u00a0<strong></strong>e\u00a0<strong>10 Requerimentos</strong>.</p>\r\n<p style=\"text-align: justify; \">Estiveram presentes todos os vereadores, representantes da imprensa escrita e falada bem como membros da comunidade.</p>\r\n<p style=\"text-align: justify; \">A pr\u00f3xima Sess\u00e3o Ordin\u00e1ria, a 34\u00aa, acontecer\u00e1 dia 16 de julho. Toda a comunidade \u00e9 convidada a assistir.</p>", "author_name": "adt", "version": "1.0", "author_url": "https://www.adamantina.sp.leg.br/author/adt", "provider_name": "C\u00e2mara Municipal de Adamantina", "type": "rich"}