{"provider_url": "https://www.adamantina.sp.leg.br", "title": "Resumo 33\u00aa Sess\u00e3o Extraordin\u00e1ria", "html": "<p style=\"text-align: justify; \">Esta Casa de Leis realizou no \u00faltimo dia 20 a 33\u00aa Sess\u00e3o Extraordin\u00e1ria.</p>\r\n<p style=\"text-align: justify; \">Conforme Circular 050/19, foram apreciados e votados os projetos como segue:</p>\r\n<p style=\"text-align: justify; \"><b><span>EM DISCUSS\u00c3O \u00daNICA</span></b></p>\r\n<p style=\"text-align: justify; \">\u00a0</p>\r\n<p style=\"text-align: justify; \"><b><span>Projeto de Lei n\u00ba 084/19</span></b> \u2013 PM \u2013 que \u201cDisp\u00f5e sobre autoriza\u00e7\u00e3o para abertura de cr\u00e9dito adicional suplementar no or\u00e7amento da Prefeitura do Munic\u00edpio de Adamantina no valor total de R$ 1.750.450,00 e d\u00e1 outras provid\u00eancias.\u201d</p>\r\n<p style=\"text-align: justify; \">\u00a0</p>\r\n<p style=\"text-align: justify; \"><b><span>EM PRIMEIRA DISCUSS\u00c3O</span></b></p>\r\n<p style=\"text-align: justify; \">\u00a0</p>\r\n<p style=\"text-align: justify; \"><b><span>Projeto de Emenda \u00e0 LOMA n\u00ba 003/19</span></b> \u2013 Todos os Vereadores \u2013 que \u201cAltera a reda\u00e7\u00e3o do artigo 266 da Lei Org\u00e2nica do Munic\u00edpio de Adamantina.\u201d</p>\r\n<p style=\"text-align: justify; \">\u00a0</p>\r\n<p style=\"text-align: justify; \"><b><span>EM SEGUNDA DISCUSS\u00c3O E REDA\u00c7\u00c3O FINAL</span></b></p>\r\n<p style=\"text-align: justify; \">\u00a0</p>\r\n<p style=\"text-align: justify; \"><b><span>Projeto de Lei n\u00ba 072/19</span></b> \u2013 PM \u2013 que \u201cDisp\u00f5e sobre altera\u00e7\u00e3o do artigo 4\u00ba da Lei n\u00ba 3.748, de 08 de mar\u00e7o de 2017 e d\u00e1 outras provid\u00eancias.\u201d (desconto de 5% na semestralidade e 2% na pontualidade de pagamento)<b></b></p>\r\n<p style=\"text-align: justify; \"><b><span>Projeto de Lei n\u00ba 074/19</span></b> \u2013 PM \u2013 que \u201cDisp\u00f5e sobre a regulamenta\u00e7\u00e3o da Controladoria Geral do Centro Universit\u00e1rio de Adamantina - UNIFAI e d\u00e1 outras provid\u00eancias.\u201d <b>(referido projeto recebeu emenda)</b></p>\r\n<p style=\"text-align: justify; \"><b><span>Projeto de Lei n\u00ba 075/19</span></b> \u2013 PM \u2013 que \u201cDisp\u00f5e sobre autoriza\u00e7\u00e3o para abertura de cr\u00e9dito adicional suplementar ao Or\u00e7amento da Prefeitura do Munic\u00edpio de Adamantina no valor de R$ 2.250.000,00 (dois milh\u00f5es, duzentos e cinquenta mil reais).\u201d</p>\r\n<p style=\"text-align: justify; \"><b><span>Projeto de Lei n\u00ba 076/19</span></b> \u2013 PM \u2013 que \u201cDisp\u00f5e sobre autoriza\u00e7\u00e3o para que o Reitor da UNIFAI possa conceder desconto na mensalidade ou na semestralidade para os alunos do curso de Medicina submetidos ao internato na Santa Casa de Ara\u00e7atuba e d\u00e1 outras provid\u00eancias.\u201d</p>\r\n<p style=\"text-align: justify; \"><b><span>Projeto de Lei n\u00ba 077/19</span></b> \u2013 PM \u2013 que \u201cDisp\u00f5e sobre autoriza\u00e7\u00e3o para abertura de cr\u00e9dito especial ao Or\u00e7amento da Prefeitura do Munic\u00edpio de Adamantina no valor total de R$ 642.000,00 e d\u00e1 outras provid\u00eancias.\u201d</p>\r\n<p style=\"text-align: justify; \"><b><span>Projeto de Lei n\u00ba 078/19</span></b> \u2013 PM \u2013 que \u201cDisp\u00f5e sobre autoriza\u00e7\u00e3o para a Prefeitura do Munic\u00edpio de Adamantina repassar \u00e0 Irmandade da Santa Casa de Miseric\u00f3rdia de Adamantina, recursos financeiros provenientes de emenda federal e d\u00e1 outras provid\u00eancias.\u201d</p>\r\n<p style=\"text-align: justify; \"><b><span>Projeto de Lei n\u00ba 079/19</span></b> \u2013 PM \u2013 que \u201cDisp\u00f5e sobre autoriza\u00e7\u00e3o para que o Chefe do Poder Executivo possa conceder abono natalino especial aos servidores ativos e inativos da Administra\u00e7\u00e3o Direta do Munic\u00edpio de Adamantina e d\u00e1 outras provid\u00eancias.\u201d</p>\r\n<p style=\"text-align: justify; \"><b><span>Projeto de Lei n\u00ba 082/19</span></b> \u2013 PM \u2013 que \u201cDisp\u00f5e sobre autoriza\u00e7\u00e3o para que o Centro Universit\u00e1rio de Adamantina \u2013 UNIFAI possa conceder abono natalino especial aos servidores ativos e inativos da institui\u00e7\u00e3o e d\u00e1 outras provid\u00eancias.\u201d</p>\r\n<p style=\"text-align: justify; \"><b><span>Projeto de Lei Complementar n\u00ba 026/19</span></b> \u2013 PM \u2013 que \u201cDisp\u00f5e sobre a autoriza\u00e7\u00e3o para o Poder Executivo alienar bem im\u00f3vel, mediante processo licitat\u00f3rio, para a capta\u00e7\u00e3o de recursos financeiros que ser\u00e3o reinvestidos em novos bens patrimoniais e d\u00e1 outras provid\u00eancias.\u201d <b>(referido projeto recebeu emenda)</b></p>\r\n<p style=\"text-align: justify; \"><b><span>Projeto de Lei Complementar n\u00ba 027/19</span></b> \u2013 PM \u2013 que \u201cDisp\u00f5e sobre altera\u00e7\u00e3o dos Anexos III e V e a cria\u00e7\u00e3o do Anexo VI da Lei Complementar n\u00ba 323, de 12 de dezembro de 2018 e d\u00e1 outras provid\u00eancias.\u201d</p>\r\n<p style=\"text-align: justify; \"><b><span>Projeto de Lei Complementar n\u00ba 028/19</span></b> \u2013 PM \u2013 que \u201cDisp\u00f5e sobre altera\u00e7\u00e3o da Lei Complementar n\u00ba 345, de 18 de setembro de 2019, que disp\u00f5e sobre autoriza\u00e7\u00e3o para que o Chefe do Poder Executivo possa outorgar Concess\u00e3o de Direito Real de Uso de Im\u00f3vel \u00e0 Daniela M. Andreotti Oliveira ME.\u201d</p>\r\n<p style=\"text-align: justify; \"><b><span>Projeto de Lei Complementar n\u00ba 029/19</span></b> \u2013 PM \u2013 que \u201cDisp\u00f5e sobre autoriza\u00e7\u00e3o para que o Chefe do Poder Executivo possa outorgar Concess\u00e3o de Uso de Im\u00f3veis que especifica \u00e0 Cl\u00ednica de Repouso Nosso Lar e d\u00e1 outras provid\u00eancias.\u201d</p>\r\n<p style=\"text-align: justify; \"><b><span>Projeto de Lei Complementar n\u00ba 030/19</span></b> \u2013 PM \u2013 que \u201cDisp\u00f5e sobre autoriza\u00e7\u00e3o para que o Chefe do Poder Executivo possa outorgar Concess\u00e3o de Uso de Im\u00f3veis que especifica ao Lar dos Velhos de Adamantina, Obra Unida da Sociedade S\u00e3o Vicente de Paulo e d\u00e1 outras provid\u00eancias.\u201d</p>\r\n<p style=\"text-align: justify; \"><b><span>Projeto de Lei Complementar n\u00ba 031/19</span></b> \u2013 PM \u2013 que \u201cAutoriza o Chefe do Poder Executivo Municipal a alienar, por permuta, uma \u00e1rea de terras de propriedade do Munic\u00edpio, na forma e nas condi\u00e7\u00f5es que especifica e d\u00e1 outras provid\u00eancias.\u201d</p>\r\n<p style=\"text-align: justify; \">\u00a0</p>\r\n<p style=\"text-align: justify; \">TODOS OS PROJETOS FORAM APROVADOS POR UNANIMIDADE</p>\r\n<p style=\"text-align: justify; \">A sess\u00e3o foi transmitida ao vivo na <a class=\"external-link\" href=\"https://www.facebook.com/CamaraAdamantina/videos/2353524324977284/?__tn__=kC-R&amp;eid=ARB8vvL1EjNWrrbCecmn4jEwqydTwUBXsqN5Ih_IPbSGcp1DngHQ8lOTz4IWBOhoXXG4AgPwhnBO6JeX&amp;hc_ref=ARQCu5jr-ZNb5MRNKsA6M2rOAE4yj-QyzU12pfS0DGmjIM4x0xSIlCyZpETHUeNCpxE&amp;__xts__[0]=68.ARDA5xN1baRThvG0nZdgqu5G8_FswSAc7QnCWLl85yMOvx6U5DHxrz1BQMBBKB1O0NR4RGT2MuO6Kxc7z1gSSaIoSFR95T3N_clEf7Bm1xEYd4DVOG7DuMFnilAezraW-LawTleLdCoWrv9wF620Vhz-u-HveAsBXIr0ii7HX3IvDuZrV43DHMLDEaSEwvrkWgdhdoSFBxfVw8zZrx18XfDE1DOB5VNaTjTllLbo_V-m-kmKWlEm6h5JBrrraChNqRgEgspfQFMcnaz0zC7HnkQiiYhmCnxflwO0B8W1hDIXzMvIF7Mx2ICSaioZdhYlM7V1fyHrydsoPe2uPhksPV9k3NoxSA3Y5PCrrA&amp;fbclid=IwAR1MSwdGKFznmkGqloZujjiHRbhY0ECG4Wss0PFBSjzI95d0l1432lUoNQA\" target=\"_blank\" title=\"\">fanpage</a> da C\u00e2mara Municipal e voc\u00ea pode assistir a qualquer tempo, sendo poss\u00edvel conhecer a vota\u00e7\u00e3o e as declara\u00e7\u00f5es dos vereadores em plen\u00e1rio.\u00a0\u00a0</p>", "author_name": "", "version": "1.0", "author_url": "https://www.adamantina.sp.leg.br/author/adm", "provider_name": "C\u00e2mara Municipal de Adamantina", "type": "rich"}