{"provider_url": "https://www.adamantina.sp.leg.br", "title": "Resumo 33\u00aa e 34\u00aa Sess\u00f5es Extraordin\u00e1rias", "html": "<p style=\"text-align: justify; \">Ontem, 19, aconteceu a 33\u00aa Sess\u00e3o Extraordin\u00e1ria, conforme <a class=\"external-link\" href=\"https://sapl.adamantina.sp.leg.br/media/sapl/public/materialegislativa/2023/14714/circular_019_-_33a_extra.pdf\" target=\"_blank\" title=\"\">Circular n\u00ba 019/2023</a> e hoje, 20, a 34\u00aa Sess\u00e3o Extraordin\u00e1ria, conforme <a class=\"external-link\" href=\"https://sapl.adamantina.sp.leg.br/media/sapl/public/materialegislativa/2023/14715/circular_020_-_34a_extra.pdf\" target=\"_blank\" title=\"\">Circular n\u00ba 020/2023</a>.</p>\r\n<p style=\"text-align: justify; \">Constou na Ordem do Dia de ambas sess\u00f5es o <a class=\"external-link\" href=\"https://sapl.adamantina.sp.leg.br/media/sapl/public/materialegislativa/2023/14711/48a_projeto_de_lei_complementar_018_-_mesa_-_revisao_dos_vencimentos_camara.pdf\" target=\"_blank\" title=\"\">Projeto de Lei Complementar n\u00ba 018/2023</a>, sendo aprovado por unanimidade em Primeira Discuss\u00e3o na 33\u00aa Sess\u00e3o Extraordin\u00e1ria e em Segunda Discuss\u00e3o e Reda\u00e7\u00e3o Final na 34\u00aa Sess\u00e3o Extraordin\u00e1ria.</p>\r\n<p>As reuni\u00f5es contaram com a presen\u00e7a de todos os vereadores.</p>\r\n<p>Assista na \u00edntegra a sess\u00e3o em nosso canal no\u00a0<a class=\"external-link\" href=\"https://www.youtube.com/watch?v=gIDfznPwOmI\" target=\"_blank\" title=\"\">YouTube</a>.</p>\r\n<p>Toda comunidade \u00e9 convidada a acompanhar as sess\u00f5es ao vivo pelo\u00a0<a class=\"external-link\" href=\"https://www.facebook.com/CamaraAdamantina\" target=\"_blank\" title=\"\">facebook</a>,\u00a0bem como pela\u00a0R\u00e1dio Cultura, 99,3 FM, TV Cidade e nosso canal no\u00a0<a class=\"external-link\" href=\"https://www.youtube.com/channel/UCzAAhbjCyaxL-tD4m-Zsd-g\" target=\"_blank\" title=\"\">Youtube</a>.</p>", "author_name": "", "version": "1.0", "author_url": "https://www.adamantina.sp.leg.br/author/adm", "provider_name": "C\u00e2mara Municipal de Adamantina", "type": "rich"}