{"provider_url": "https://www.adamantina.sp.leg.br", "title": "Resumo 32\u00aa Sess\u00e3o Ordin\u00e1ria", "html": "<p style=\"text-align: justify; \">No \u00faltimo dia 04, a C\u00e2mara Municipal de Adamantina realizou a 32\u00aa Sess\u00e3o Ordin\u00e1ria desta Legislatura.</p>\r\n<p style=\"text-align: justify; \">Conforme <a class=\"external-link\" href=\"https://sapl.adamantina.sp.leg.br/media/sapl/public/materialegislativa/2022/13952/circular_033_-_32a_sessao_ordinaria.pdf\" target=\"_blank\" title=\"\">Circular n\u00ba 033/2022</a> foram apreciados e votados\u00a0<span>os seguintes projetos:</span></p>\r\n<p style=\"text-align: justify; \"><span><br /></span></p>\r\n<p style=\"text-align: justify; \"><b>EM DISCUSS\u00c3O \u00daNICA</b></p>\r\n<p style=\"text-align: justify; \"><a class=\"external-link\" href=\"https://sapl.adamantina.sp.leg.br/media/sapl/public/materialegislativa/2022/13903/31a_pl_042_-_m_052_-_abertura_de_credito_suplementar_unifai_-_r_970.00000.pdf\" target=\"_blank\" title=\"\"><b>Projeto de Lei n\u00ba 0</b><b>42/2022</b></a><span> \u2013 PM \u2013 que \u201cDisp\u00f5e sobre autoriza\u00e7\u00e3o para </span><i>abertura de cr\u00e9dito adicional suplementar </i><span>ao Or\u00e7amento da Prefeitura do Munic\u00edpio de Adamantina no valor total de R$ 970.000,00 (novecentos e setenta mil reais).\u201d\u00a0<span>(APROVADO POR UNANIMIDADE)</span></span></p>\r\n<p style=\"text-align: justify; \"><b><span><a class=\"external-link\" href=\"https://sapl.adamantina.sp.leg.br/media/sapl/public/materialegislativa/2022/13904/31a_pl_043_-_m_053_-_anexo_-_abertura_de_credito_especial_unifai_-_r_600.00000_-_bolsa_preceptora.pdf\" target=\"_blank\" title=\"\">Projeto de Lei n\u00ba 043/2022</a></span></b> \u2013 PM \u2013 que \u201cDisp\u00f5e sobre autoriza\u00e7\u00e3o para <i>abertura de cr\u00e9dito adicional especial </i>ao Or\u00e7amento da Prefeitura do Munic\u00edpio de Adamantina no valor total de R$ 600.000,00 (seiscentos mil reais).\u201d\u00a0<span>(APROVADO POR UNANIMIDADE)</span></p>\r\n<p style=\"text-align: justify; \"><b><span><a class=\"external-link\" href=\"https://sapl.adamantina.sp.leg.br/media/sapl/public/materialegislativa/2022/13905/31a_projeto_de_lei_044_-_incineracao_das_contas_anuais.pdf\" target=\"_blank\" title=\"\">Projeto de Lei n\u00ba 044/2022</a></span></b> \u2013 Mesa da C\u00e2mara \u2013 que \u201cDisp\u00f5e sobre a incinera\u00e7\u00e3o das contas anuais da Prefeitura do Munic\u00edpio de Adamantina encaminhadas pelo Egr\u00e9gio Tribunal de Contas, ap\u00f3s 05 (cinco) anos das an\u00e1lises das mesmas pelo Poder Legislativo.\u201d\u00a0<span>(APROVADO POR UNANIMIDADE)</span></p>\r\n<p style=\"text-align: justify; \">\u00a0</p>\r\n<p style=\"text-align: justify; \"><b><span>EM PRIMEIRA DISCUSS\u00c3O</span></b></p>\r\n<p style=\"text-align: justify; \"><b><a class=\"external-link\" href=\"https://sapl.adamantina.sp.leg.br/media/sapl/public/materialegislativa/2022/13669/pl_023.pdf\" target=\"_blank\" title=\"\">Projeto de Lei n\u00ba 023/2022</a></b><span> \u2013 Vereadores Alcio Roberto Ikeda J\u00fanior e Paulo C\u00e9sar Cervelheira de Oliveira \u2013 que \u201cDisp\u00f5e sobre a cria\u00e7\u00e3o do Programa \u2018M\u00e9dico Adamantinense\u2019 e d\u00e1 outras provid\u00eancias\u201d. (RETIRADO PARA MELHORES ESTUDOS</span></p>\r\n<p style=\"text-align: justify; \"><span>\u00a0</span></p>\r\n<p style=\"text-align: justify; \"><b><span>EM SEGUNDA DISCUSS\u00c3O E REDA\u00c7\u00c3O FINAL</span></b></p>\r\n<p style=\"text-align: justify; \"><b><a class=\"external-link\" href=\"https://sapl.adamantina.sp.leg.br/media/sapl/public/materialegislativa/2022/13853/30a_pl_039_m_043_-_diretrizes_orcamentarias_-_ldo_2023.pdf\" target=\"_blank\" title=\"\">Projeto de Lei n\u00ba 039/2022</a></b><span> \u2013 PM \u2013 que \u201c</span><em>Disp\u00f5e sobre as </em><em>Diretrizes Or\u00e7ament\u00e1rias para Elabora\u00e7\u00e3o e Execu\u00e7\u00e3o da Lei Or\u00e7ament\u00e1ria para o Exerc\u00edcio Financeiro de 2023</em><em> e d\u00e1 outras provid\u00eancias</em><span>\u201d. (referido projeto recebeu emendas) (APROVADO POR UNANIMIDADE)</span></p>\r\n<p style=\"text-align: justify; \"><a class=\"external-link\" href=\"https://sapl.adamantina.sp.leg.br/media/sapl/public/materialegislativa/2022/13615/plc_005_-_m_026_-_autoriza_concessao_valentim_gatti_-_marcelo_jose_jorge.pdf\" target=\"_blank\" title=\"\"><b><span>Projeto de Lei</span></b><b><span> Complementar n\u00ba </span></b><b><span>005/2022</span></b></a> \u2013 PM \u2013 que \u201cDisp\u00f5e sobre autoriza\u00e7\u00e3o para que o Chefe do Poder Executivo possa outorgar Concess\u00e3o de Direito Real de Uso de Im\u00f3vel \u00e0 MARCELO JOS\u00c9 JORGE- ME.\u201d.\u00a0<span>(APROVADO POR UNANIMIDADE)</span></p>\r\n<p style=\"text-align: justify; \"><a class=\"external-link\" href=\"https://sapl.adamantina.sp.leg.br/media/sapl/public/materialegislativa/2022/13856/30a_plc_014_-_m_051_-__autorizacao_para_alienacao_de_imovel_por_investidura_-_chekina_emp_im.pdf\" target=\"_blank\" title=\"\"><b><span>Projeto de Lei Complementar n\u00ba </span></b><b><span>014/2022</span></b></a> \u2013 PM \u2013 que \u201c Disp\u00f5e sobre a autoriza\u00e7\u00e3o para o Poder Executivo alienar bem im\u00f3vel, pelo instituto da investidura, conforme especifica e d\u00e1 outras provid\u00eancias.\u201d (APROVADO)</p>\r\n<p style=\"text-align: justify; \">\u00a0</p>\r\n<p style=\"text-align: justify; \">Ainda, foram apresentados<strong> 8 Requerimentos</strong>,\u00a0<strong>19 Indica\u00e7\u00f5es</strong> e\u00a0<strong>4 Mo\u00e7\u00f5es de Congratula\u00e7\u00f5es e Aplausos</strong>.</p>\r\n<p>A reuni\u00e3o contou com a presen\u00e7a de todos os vereadores</p>\r\n<p>Assista na \u00edntegra a sess\u00e3o em nossa p\u00e1gina no\u00a0<a class=\"external-link\" href=\"https://www.facebook.com/CamaraAdamantina/videos/588002879387199\" target=\"_blank\" title=\"\">Facebook</a>.</p>\r\n<p>A 33\u00aa Sess\u00e3o Ordin\u00e1ria realizar-se-\u00e1 no dia 1\u00ba de agosto de 2022.</p>\r\n<p>Toda comunidade \u00e9 convidada a acompanhar as sess\u00f5es ao vivo pelo\u00a0<a class=\"external-link\" href=\"https://www.facebook.com/CamaraAdamantina\" target=\"_blank\" title=\"\">facebook</a>,\u00a0bem como pela\u00a0R\u00e1dio Cultura, 99,3 FM, e TV Cidade.</p>", "author_name": "", "version": "1.0", "author_url": "https://www.adamantina.sp.leg.br/author/adm", "provider_name": "C\u00e2mara Municipal de Adamantina", "type": "rich"}