{"provider_url": "https://www.adamantina.sp.leg.br", "title": "Resumo 32\u00aa Sess\u00e3o Extraordin\u00e1ria", "html": "<p style=\"text-align: justify; \">Hoje, 11, a C\u00e2mara Municipal de Adamantina realizou a 32\u00aa Sess\u00e3o Extraordin\u00e1ria desta Legislatura.</p>\r\n<p style=\"text-align: justify; \">Conforme <a class=\"external-link\" href=\"https://sapl.adamantina.sp.leg.br/media/sapl/public/materialegislativa/2023/14708/32a_extraordinaria.pdf\" target=\"_blank\" title=\"\">Circular n\u00ba 016/2023</a>, foi apreciado e votado,\u00a0<b>EM DISCUSS\u00c3O \u00daNICA</b> o\u00a0<a class=\"external-link\" href=\"https://sapl.adamantina.sp.leg.br/media/sapl/public/materialegislativa/2023/14669/47a_projeto_de_lei_complementar_013_m_031_-_altera_lc_163.11_-_politica_mun._de_atend._dos_direitos_da_crianca__reestrutura_o_cmdca_e_conselho_tutelar.pdf\" target=\"_blank\" title=\"\"><b>Projeto de Lei</b><b> Complementar n\u00ba </b><b>013/2023</b></a><span> \u2013 PM \u2013 que \u201cDisp\u00f5e sobre a altera\u00e7\u00e3o da Lei Complementar n\u00ba 163, de 07 de abril de 2011, que disp\u00f5e sobre a Pol\u00edtica Municipal de Atendimento dos Direitos da Crian\u00e7a e do Adolescente, reestrutura o Conselho Municipal dos Direitos da Crian\u00e7a, o Fundo Municipal dos Direitos da Crian\u00e7a e do Adolescente e o Conselho Tutelar e d\u00e1 outras provid\u00eancias.\u201d</span></p>\r\n<p>O projeto recebeu Emendas <a class=\"external-link\" href=\"https://sapl.adamantina.sp.leg.br/materia/14710\" target=\"_blank\" title=\"\">Aditiva</a> e <a class=\"external-link\" href=\"https://sapl.adamantina.sp.leg.br/materia/14709\" target=\"_blank\" title=\"\">Modificativa</a>, sendo aprovadas juntamente com o projeto.</p>\r\n<p>A reuni\u00e3o contou com a presen\u00e7a de todos os vereadores.</p>\r\n<p>Assista na \u00edntegra a sess\u00e3o em nosso canal no\u00a0<a class=\"external-link\" href=\"https://www.youtube.com/watch?v=fnM8m1Du_E4\" target=\"_blank\" title=\"\">YouTube</a>.</p>\r\n<p>Toda comunidade \u00e9 convidada a acompanhar as sess\u00f5es ao vivo pelo\u00a0<a class=\"external-link\" href=\"https://www.facebook.com/CamaraAdamantina\" target=\"_blank\" title=\"\">facebook</a>,\u00a0bem como pela\u00a0R\u00e1dio Cultura, 99,3 FM, TV Cidade e nosso canal no\u00a0<a class=\"external-link\" href=\"https://www.youtube.com/channel/UCzAAhbjCyaxL-tD4m-Zsd-g\" target=\"_blank\" title=\"\">Youtube</a>.</p>\r\n<p style=\"text-align: justify; \"><span><br /></span></p>", "author_name": "", "version": "1.0", "author_url": "https://www.adamantina.sp.leg.br/author/adm", "provider_name": "C\u00e2mara Municipal de Adamantina", "type": "rich"}