{"provider_url": "https://www.adamantina.sp.leg.br", "title": "Resumo 32\u00aa Sess\u00e3o Extraordin\u00e1ria", "html": "<p style=\"text-align: justify; \">Hoje, 21, esta Casa de Leis realizou a 32\u00aa Sess\u00e3o Extraordin\u00e1ria.\u00a0</p>\r\n<p style=\"text-align: justify; \">Conforme a Circular 035/19 foram apreciados e votados os projetos como segue:</p>\r\n<p style=\"text-align: justify; \"><b><span>EM DISCUSS\u00c3O \u00daNICA</span></b></p>\r\n<p style=\"text-align: justify; \"><b>Projeto de Lei n\u00ba 055/19</b><span> \u2013 PM \u2013 que \u201cDisp\u00f5e sobre autoriza\u00e7\u00e3o para abertura de cr\u00e9dito adicional especial ao or\u00e7amento da Prefeitura do Munic\u00edpio de Adamantina no valor total de R$ 268.000,00 e d\u00e1 outras provid\u00eancias.\u201d</span></p>\r\n<p style=\"text-align: justify; \"><b><span>Projeto de Lei n\u00ba 056/19</span></b> \u2013 PM \u2013 que \u201cAutoriza o Centro Universit\u00e1rio de Adamantina \u2013 UNIFAI a celebrar Conv\u00eanio de Coopera\u00e7\u00e3o T\u00e9cnica e Financeira com a Comunidade Fronteiri\u00e7a Trinacional Rio Lempa (Mancomunidad Trinacional Fronteriza Rio Lempa) e d\u00e1 outras provid\u00eancias.\u201d</p>\r\n<p style=\"text-align: justify; \">\u00a0</p>\r\n<p style=\"text-align: justify; \"><b><span>EM SEGUNDA DISCUSS\u00c3O E REDA\u00c7\u00c3O FINAL</span></b></p>\r\n<p style=\"text-align: justify; \"><b>Projeto de Lei n\u00ba 040/19</b><span> \u2013 Todos os Vereadores \u2013 que \u201cDisp\u00f5e sobre a incinera\u00e7\u00e3o de documentos relacionados \u00e0 receita e despesa da C\u00e2mara Municipal de Adamantina.\u201d</span></p>\r\n<p style=\"text-align: justify; \"><b><span>Projeto de Lei n\u00ba 044/19</span></b> \u2013 PM - que \u201cDisp\u00f5e sobre a concess\u00e3o de diversos Programas Financeiros de Incentivo Acad\u00eamico pelo Centro Universit\u00e1rio de Adamantina \u2013 UNIFAI e d\u00e1 outras provid\u00eancias.\u201d</p>\r\n<p style=\"text-align: justify; \"><b><span>Projeto de Lei n\u00ba 046/19</span></b> \u2013 Todos os Vereadores \u2013 que \u201cAltera a Lei n\u00ba 3.596, de 23 de dezembro de 2013, que disp\u00f5e sobre o Conselho Municipal da Pessoa Deficiente \u2013 CMPD e d\u00e1 outras provid\u00eancias.\u201d</p>\r\n<p style=\"text-align: justify; \"><b><span>Projeto de Lei Complementar n\u00ba 014/19</span></b> \u2013 Mesa da C\u00e2mara \u2013 que \u201cDisp\u00f5e sobre altera\u00e7\u00e3o do Anexo I da Lei n\u00ba 2.714/97; alterada pelas Leis Complementares n\u00bas 16/99; 37/01; 40/01; 48/03; 67/05; 95/07; 218/13; 240/15 e 262/16 e d\u00e1 outras provid\u00eancias.\u201d</p>\r\n<p style=\"text-align: justify; \"><b><span>Projeto de Lei Complementar n\u00ba 015/19</span></b> \u2013 Mesa da C\u00e2mara \u2013 \u201cDisp\u00f5e sobre a inclus\u00e3o de novas atribui\u00e7\u00f5es aos empregos p\u00fablicos de Tesoureiro e Digitador, alterando o anexo I da Lei Complementar n\u00ba 335/19.\u201d</p>\r\n<p style=\"text-align: justify; \">\u00a0</p>\r\n<p style=\"text-align: justify; \">TODOS OS PROJETOS FORAM APROVADOS POR UNANIMIDADE CONFORME AS RESPECTIVAS DISCUSS\u00d5ES.</p>", "author_name": "adt", "version": "1.0", "author_url": "https://www.adamantina.sp.leg.br/author/adt", "provider_name": "C\u00e2mara Municipal de Adamantina", "type": "rich"}