{"provider_url": "https://www.adamantina.sp.leg.br", "title": "Resumo 31\u00aa Sess\u00e3o Ordin\u00e1ria", "html": "<p style=\"text-align: justify; \">Ontem, 27, a C\u00e2mara Municipal de Adamantina realizou a 31\u00aa Sess\u00e3o Ordin\u00e1ria.</p>\r\n<p style=\"text-align: justify; \">Conforme <a class=\"external-link\" href=\"https://sapl.adamantina.sp.leg.br/media/sapl/public/materialegislativa/2022/13902/circular_031_-_31a_sessao_ordinaria.pdf\" target=\"_blank\" title=\"\">Circular n\u00ba 031/2022</a>, foram apreciados e votados os projetos como segue:</p>\r\n<p style=\"text-align: center; \"><b><span>EM DISCUSS\u00c3O \u00daNICA</span></b><span>\u00a0</span></p>\r\n<p style=\"text-align: justify; \"><a class=\"external-link\" href=\"https://sapl.adamantina.sp.leg.br/media/sapl/public/materialegislativa/2022/13855/30a_pl_041_-_m_050_-_concurso_natal_magico.pdf\" target=\"_blank\" title=\"\"><b><span>Projeto de Lei n\u00ba 0</span></b><b><span>41/2022</span></b></a> \u2013 PM \u2013 que \u201cDisp\u00f5e sobre o concurso \u2018NATAL M\u00c1GICO\u2019 e d\u00e1 outras provid\u00eancias\u201d.<strong>\u00a0(APROVADO POR UNANIMIDADE)</strong></p>\r\n<p style=\"text-align: justify; \"><span><br /></span></p>\r\n<p style=\"text-align: center; \"><b><span>EM PRIMEIRA DISCUSS\u00c3O</span></b></p>\r\n<p style=\"text-align: justify; \"><b><a class=\"external-link\" href=\"https://sapl.adamantina.sp.leg.br/media/sapl/public/materialegislativa/2022/13853/30a_pl_039_m_043_-_diretrizes_orcamentarias_-_ldo_2023.pdf\" target=\"_blank\" title=\"\">Projeto de Lei n\u00ba 039/2022</a></b><span> \u2013 PM \u2013 que \u201c</span>Disp\u00f5e sobre as Diretrizes Or\u00e7ament\u00e1rias para Elabora\u00e7\u00e3o e Execu\u00e7\u00e3o da Lei Or\u00e7ament\u00e1ria para o Exerc\u00edcio Financeiro de 2023 e d\u00e1 outras provid\u00eancias<span>\u201d.\u00a0<strong>(APROVADO POR UNANIMIDADE)</strong></span></p>\r\n<p style=\"text-align: justify; \"><a class=\"external-link\" href=\"https://sapl.adamantina.sp.leg.br/media/sapl/public/materialegislativa/2022/13615/plc_005_-_m_026_-_autoriza_concessao_valentim_gatti_-_marcelo_jose_jorge.pdf\" target=\"_blank\" title=\"\"><b><span>Projeto de Lei Complementar n\u00ba </span></b><b><span>005/2022</span></b></a> \u2013 PM \u2013 que \u201cDisp\u00f5e sobre autoriza\u00e7\u00e3o para que o Chefe do Poder Executivo possa outorgar Concess\u00e3o de Direito Real de Uso de Im\u00f3vel \u00e0 MARCELO JOS\u00c9 JORGE- ME.\u201d.\u00a0<strong>(APROVADO POR UNANIMIDADE)</strong></p>\r\n<p style=\"text-align: justify; \"><b><span><a class=\"external-link\" href=\"https://sapl.adamantina.sp.leg.br/media/sapl/public/materialegislativa/2022/13856/30a_plc_014_-_m_051_-__autorizacao_para_alienacao_de_imovel_por_investidura_-_chekina_emp_im.pdf\" target=\"_blank\" title=\"\">Projeto de Lei Complementar n\u00ba 014/2022</a></span></b> \u2013 PM \u2013 que \u201cDisp\u00f5e sobre a autoriza\u00e7\u00e3o para o Poder Executivo alienar bem im\u00f3vel, pelo instituto da investidura, conforme especifica e d\u00e1 outras provid\u00eancias\u201d. <strong>(APROVADO)</strong></p>\r\n<p style=\"text-align: justify; \"><strong><br /></strong>Ainda, foram apresentados\u00a0<strong>8 Requerimentos</strong>,\u00a0<strong>25 Indica\u00e7\u00f5es</strong> e\u00a0<strong>6 Mo\u00e7\u00f5es de Congratula\u00e7\u00f5es e Aplausos</strong>.</p>\r\n<p>A reuni\u00e3o contou com a presen\u00e7a de todos os vereadores</p>\r\n<p>Assista na \u00edntegra a sess\u00e3o em nossa p\u00e1gina no\u00a0<a class=\"external-link\" href=\"https://www.facebook.com/CamaraAdamantina/videos/746065646817723/\" target=\"_blank\" title=\"\">Facebook</a>.</p>\r\n<p>A 32\u00aa Sess\u00e3o Ordin\u00e1ria realizar-se-\u00e1 no dia 04 de julho de 2022.</p>\r\n<p>Toda comunidade \u00e9 convidada a acompanhar as sess\u00f5es ao vivo pelo\u00a0<a class=\"external-link\" href=\"https://www.facebook.com/CamaraAdamantina\" target=\"_blank\" title=\"\">facebook</a>,\u00a0bem como pela\u00a0R\u00e1dio Cultura, 99,3 FM, e TV Cidade.</p>", "author_name": "", "version": "1.0", "author_url": "https://www.adamantina.sp.leg.br/author/adm", "provider_name": "C\u00e2mara Municipal de Adamantina", "type": "rich"}