{"provider_url": "https://www.adamantina.sp.leg.br", "title": "Resumo 31\u00aa Sess\u00e3o Extraordin\u00e1ria", "html": "<p style=\"text-align: justify; \">Hoje, 28, a C\u00e2mara Municipal de Adamantina realizou a 31\u00aa Sess\u00e3o Extraordin\u00e1ria.</p>\r\n<p style=\"text-align: justify; \">Conforme <a class=\"external-link\" href=\"https://sapl.adamantina.sp.leg.br/media/sapl/public/materialegislativa/2023/14658/31a_sessao_extraordinaria..pdf\" target=\"_blank\" title=\"\">Circular n\u00ba 013/2023</a> foram apreciados e votados os projetos como segue:</p>\r\n<p style=\"text-align: justify; \"><b><span><br /></span></b></p>\r\n<p style=\"text-align: center; \"><b><span>EM DISCUSS\u00c3O \u00daNICA</span></b><b><span></span></b></p>\r\n<p style=\"text-align: justify; \"><a class=\"external-link\" href=\"https://sapl.adamantina.sp.leg.br/media/sapl/public/materialegislativa/2023/14613/46a_projeto_de_lei_014_m_012_-_projeto_de_lei__educacao_merenda_transporte_e_qse.pdf\" target=\"_blank\" title=\"\"><b>Projeto de Lei n\u00ba 0</b><b>14/2023</b></a><span> \u2013 PM \u2013 que \u201c Disp\u00f5e sobre autoriza\u00e7\u00e3o para abertura de cr\u00e9dito adicional suplementar ao Or\u00e7amento da Prefeitura do Munic\u00edpio de Adamantina no valor total de R$ 1.098.772,00 e d\u00e1 outras provid\u00eancias, para fortalecer a merenda escolar, reforma de escolas e transporte.\u201d</span></p>\r\n<p style=\"text-align: justify; \"><a class=\"external-link\" href=\"https://sapl.adamantina.sp.leg.br/media/sapl/public/materialegislativa/2023/14616/46a_projeto_de_lei_017_m_022_-_abertura_de_credito_suplementar_unifai_-_r_1.850.00000.pdf\" target=\"_blank\" title=\"\"><b><span>Projeto de Lei n\u00ba 0</span></b><b><span>17/2023</span></b></a> \u2013 PM \u2013 que \u201cDisp\u00f5e sobre autoriza\u00e7\u00e3o para <i>abertura de cr\u00e9dito adicional suplementar </i>ao Or\u00e7amento da Prefeitura do Munic\u00edpio de Adamantina no valor total de R$ 1.850.000,00 (um milh\u00e3o, oitocentos e cinquenta mil reais) para reforma e adequa\u00e7\u00e3o do Campus III da FAI.\u201d</p>\r\n<p style=\"text-align: justify; \"><a class=\"external-link\" href=\"https://sapl.adamantina.sp.leg.br/media/sapl/public/materialegislativa/2023/14622/46a_projeto_de_lei_023_m_018_-_programa_nossa_rua_-_r_3.705.000_00.pdf\" target=\"_blank\" title=\"\"><b><span>Projeto de Lei n\u00ba 0</span></b><b><span>23/2023</span></b></a> \u2013 PM \u2013 que \u201cDisp\u00f5e sobre autoriza\u00e7\u00e3o para <i>abertura de cr\u00e9dito adicional especial </i>ao Or\u00e7amento da Prefeitura do Munic\u00edpio de Adamantina no valor total de R$ 2.800.000,00 e d\u00e1 outras provid\u00eancias, para obras de infraestrutura urbana, pavimenta\u00e7\u00e3o asf\u00e1ltica e recapeamento asf\u00e1ltico.\u201d</p>\r\n<p style=\"text-align: justify; \">\u00a0</p>\r\n<p style=\"text-align: center; \"><b><span>EM SEGUNDA DISCUSS\u00c3O E REDA\u00c7\u00c3O FINAL</span></b></p>\r\n<p style=\"text-align: justify; \"><b><a class=\"external-link\" href=\"https://sapl.adamantina.sp.leg.br/media/sapl/public/materialegislativa/2023/14561/45a_projeto_de_lei_010_m_016_-_aquisicao_de_area_dist__industrial_r_2_000_00000.pdf\" target=\"_blank\" title=\"\">Projeto de Lei n\u00ba 010/2023</a></b><span> \u2013 PM \u2013 que \u201cDisp\u00f5e sobre autoriza\u00e7\u00e3o para </span><i>abertura de cr\u00e9dito adicional especial </i><span>ao Or\u00e7amento da Prefeitura do Munic\u00edpio de Adamantina no valor total de R$ 2.000.000,00 e d\u00e1 outras provid\u00eancias, para aquisi\u00e7\u00e3o de \u00e1rea para o Distrito Industrial.\u201d</span></p>\r\n<p style=\"text-align: justify; \"><a class=\"external-link\" href=\"https://sapl.adamantina.sp.leg.br/media/sapl/public/materialegislativa/2023/14567/45a_projeto_de_lei_complementar_008_m_015_-_autorizacao_para_alienacao_de_imoveis_area_circo.pdf\" target=\"_blank\" title=\"\"><b><span>Projeto de Lei</span></b><b><span> Complementar n\u00ba </span></b><b><span>008/2023</span></b></a> \u2013 PM \u2013 que \u201c Disp\u00f5e sobre a autoriza\u00e7\u00e3o para o Poder Executivo <i>alienar bens im\u00f3veis</i>, mediante Processo Licitat\u00f3rio, para a capta\u00e7\u00e3o de recursos financeiros que ser\u00e3o reinvestidos em bem im\u00f3vel e equipamentos, e d\u00e1 outras provid\u00eancias.\u201d</p>\r\n<p style=\"text-align: justify; \">\u00a0</p>\r\n<p style=\"text-align: justify; \">TODOS OS PROJETOS FORAM APROVADOS CONFORME AS RESPECTIVAS DISCUSS\u00d5ES.</p>\r\n<p>A reuni\u00e3o contou com a presen\u00e7a de todos os vereadores.</p>\r\n<p>Assista na \u00edntegra a sess\u00e3o em nosso canal no\u00a0<a class=\"external-link\" href=\"http://bit.ly/3TOTi0c\" target=\"_blank\" title=\"\">YouTube</a>.</p>\r\n<p>Toda comunidade \u00e9 convidada a acompanhar as sess\u00f5es ao vivo pelo\u00a0<a class=\"external-link\" href=\"https://www.facebook.com/CamaraAdamantina\" target=\"_blank\" title=\"\">facebook</a>,\u00a0bem como pela\u00a0R\u00e1dio Cultura, 99,3 FM, TV Cidade e nosso canal no\u00a0<a class=\"external-link\" href=\"https://www.youtube.com/channel/UCzAAhbjCyaxL-tD4m-Zsd-g\" target=\"_blank\" title=\"\">Youtube</a>.</p>", "author_name": "", "version": "1.0", "author_url": "https://www.adamantina.sp.leg.br/author/adm", "provider_name": "C\u00e2mara Municipal de Adamantina", "type": "rich"}