{"provider_url": "https://www.adamantina.sp.leg.br", "title": "Resumo 30\u00aa Sess\u00e3o Ordin\u00e1ria", "html": "<p style=\"text-align: justify; \">Na \u00faltima segunda-feira, 06, a C\u00e2mara Municipal de Adamantina realizou a 30\u00aa Sess\u00e3o Ordin\u00e1ria desta Legislatura.\u00a0</p>\r\n<p style=\"text-align: justify; \">Conforme <a class=\"external-link\" href=\"https://sapl.adamantina.sp.leg.br/media/sapl/public/materialegislativa/2022/13852/circular_27_-_30a_ordinaria.pdf\" target=\"_blank\" title=\"\">Circular n\u00ba 027/2022</a>, foram apreciados e votados os projetos como segue:</p>\r\n<p style=\"text-align: justify; \"><b><span>EM DISCUSS\u00c3O \u00daNICA</span></b><span>\u00a0</span></p>\r\n<p style=\"text-align: justify; \"><b>* <a class=\"external-link\" href=\"https://sapl.adamantina.sp.leg.br/media/sapl/public/materialegislativa/2022/13814/29a_ord._-_pl_037_m_046_-_autoriza_repassar_para_sta_casa_126.18083_cirurgias_eletivas_mac.pdf\" target=\"_blank\" title=\"\">Projeto de Lei n\u00ba 037/2022</a></b> \u2013 PM \u2013 que \u201cDisp\u00f5e sobre autoriza\u00e7\u00e3o para que a Prefeitura do Munic\u00edpio de Adamantina possa abrir cr\u00e9dito suplementar ao or\u00e7amento e repassar \u00e0 Associa\u00e7\u00e3o Lar S\u00e3o Francisco de Assis na Provid\u00eancia de Deus, aux\u00edlio financeiro e emergencial e d\u00e1 outras provid\u00eancias\u201d.</p>\r\n<p style=\"text-align: justify; \"><b>* <a class=\"external-link\" href=\"https://sapl.adamantina.sp.leg.br/media/sapl/public/materialegislativa/2022/13815/29a_ord._-_pl_038_m_047_-_autoriza_celebrar_convenio_com_a_pordesp.pdf\" target=\"_blank\" title=\"\">Projeto de Lei n\u00ba 038/2022</a></b><a class=\"external-link\" href=\"https://sapl.adamantina.sp.leg.br/media/sapl/public/materialegislativa/2022/13815/29a_ord._-_pl_038_m_047_-_autoriza_celebrar_convenio_com_a_pordesp.pdf\" target=\"_blank\" title=\"\"> </a>\u2013 PM \u2013 que \u201cAutoriza o Poder Executivo Municipal firmar Conv\u00eanio com a Companhia de Processamento de Dados do Estado de S\u00e3o Paulo - PRODESP, e d\u00e1 outras provid\u00eancias.\u201d</p>\r\n<p style=\"text-align: justify; \"><b>* <a class=\"external-link\" href=\"https://sapl.adamantina.sp.leg.br/media/sapl/public/materialegislativa/2022/13727/27a_ord._-_plc_012_-_m_40_-_altera_a_lc_94-2007_-_ferias_e_recesso_magisterio.pdf\" target=\"_blank\" title=\"\">Projeto de Lei Complementar n\u00ba 012/2022</a></b><span> \u2013 PM \u2013 que \u201cDisp\u00f5e sobre a altera\u00e7\u00e3o do Cap\u00edtulo X, da Lei Complementar Municipal n\u00ba 94, de 22 de novembro de 2007, e d\u00e1 outras provid\u00eancias\u201d.</span></p>\r\n<p style=\"text-align: justify; \">\u00a0<b>EM PRIMEIRA DISCUSS\u00c3O</b></p>\r\n<p style=\"text-align: justify; \"><b>* <a class=\"external-link\" href=\"https://sapl.adamantina.sp.leg.br/media/sapl/public/materialegislativa/2022/13816/29a_ord._-_plc_013_m_048_-_cria_vagas_de_engenheiro_civil_e_operador_de_maquina_extingue_vagas_de_fiscal_de_embarque_sem_referencia_10_1.pdf\" target=\"_blank\" title=\"\">Lei Complementar n\u00ba 013/2022</a></b><span> \u2013 PM \u2013 que \u201cDisp\u00f5e sobre a cria\u00e7\u00e3o de vagas de empregos permanentes de Engenheiro, Operador de M\u00e1quina Manual, redu\u00e7\u00e3o do n\u00famero de vagas de Fiscal de Embarque, altera\u00e7\u00e3o de jornada de trabalho e altera\u00e7\u00e3o do Anexo I da Lei Complementar n\u00ba 392, de 25 de fevereiro de 2022 e d\u00e1 outras provid\u00eancias\u201d.</span></p>\r\n<p style=\"text-align: justify; \">TODOS OS PROJETOS FORAM APROVADOS.</p>\r\n<p style=\"text-align: justify; \">Ainda, foram apresentados\u00a0<strong>5 Requerimentos</strong>,\u00a0<strong>35 Indica\u00e7\u00f5es</strong> e\u00a0<strong>1 Mo\u00e7\u00e3o de Congratula\u00e7\u00f5es e Aplausos</strong>.</p>\r\n<p>A reuni\u00e3o contou com a presen\u00e7a de todos os vereadores</p>\r\n<p>Assista na \u00edntegra a sess\u00e3o em nossa p\u00e1gina no\u00a0<a class=\"external-link\" href=\"https://www.facebook.com/CamaraAdamantina/videos/435202414680439\" target=\"_blank\" title=\"\">Facebook</a>.</p>\r\n<p><span>Toda comunidade \u00e9 convidada a acompanhar as sess\u00f5es ao vivo pelo\u00a0</span><a class=\"external-link\" href=\"https://www.facebook.com/CamaraAdamantina\" target=\"_blank\" title=\"\">facebook</a><span>,\u00a0bem como pela\u00a0R\u00e1dio Cultura, 99,3 FM, Radio Joia 93,7 FM e TV Cidade.</span></p>", "author_name": "", "version": "1.0", "author_url": "https://www.adamantina.sp.leg.br/author/adm", "provider_name": "C\u00e2mara Municipal de Adamantina", "type": "rich"}