{"provider_url": "https://www.adamantina.sp.leg.br", "title": "Resumo 30\u00aa Sess\u00e3o Ordin\u00e1ria", "html": "<p style=\"text-align: justify; \">Ontem, 21, esta Casa e Leis realizou a 30\u00aa Sess\u00e3o Ordin\u00e1ria.\u00a0</p>\r\n<p style=\"text-align: justify; \">Conforme\u00a0<span>Circular n\u00ba 018/18, foi APROVADO, por unanimidade,\u00a0</span><b>EM SEGUNDA DISCUSS\u00c3O E REDA\u00c7\u00c3O FINAL</b>, o\u00a0<b>Projeto de Lei Complementar n\u00ba 006/18</b><span> \u2013 PM \u2013 que \u201cDisp\u00f5e sobre altera\u00e7\u00e3o dos Anexos I, II, III, IV e V da Lei Complementar n\u00ba 283, de 12 de junho de 2017.\u201d</span></p>\r\n<p style=\"text-align: justify; \">Foram ainda apreciados e votados\u00a0<strong>17 Requerimentos</strong>, em sua maioria solicitando recursos financeiros ao Munic\u00edpio, e\u00a0<strong>37 Indica\u00e7\u00f5es</strong>, em grande parte pedindo melhorias \u00e0 cidade de Adamantina.</p>\r\n<p style=\"text-align: justify; \"><span>Estiveram presentes todos os Vereadores, representantes da imprensa escrita e falada,\u00a0<span>\u00a0bem como membros da comunidade adamantinense.</span></span></p>\r\n<p style=\"text-align: justify; \"><span><span>A pr\u00f3xima Sess\u00e3o Ordin\u00e1ria acontecer\u00e1 em 04 de Junho, \u00e0s 20h, no Plen\u00e1rio Vereador Jos\u00e9 Ikeda.</span></span></p>\r\n<p style=\"text-align: justify; \"><span><span><br /></span></span></p>", "author_name": "adt", "version": "1.0", "author_url": "https://www.adamantina.sp.leg.br/author/adt", "provider_name": "C\u00e2mara Municipal de Adamantina", "type": "rich"}