{"provider_url": "https://www.adamantina.sp.leg.br", "title": "Resumo 30\u00aa Sess\u00e3o Extraordin\u00e1ria", "html": "<p style=\"text-align: justify; \">Na \u00faltima quinta-feira, 23, esta Casa de Leis realizou a 30\u00aa Sess\u00e3o Extraordin\u00e1ria desta Legislatura.</p>\r\n<p style=\"text-align: justify; \">Conforme <a class=\"external-link\" href=\"https://sapl.adamantina.sp.leg.br/media/sapl/public/materialegislativa/2023/14612/circular_012_-_30a_sessao_extraordinaria.pdf\" target=\"_blank\" title=\"\">Circular n\u00ba 012/2023</a> foram apreciados e votados os projetos como segue:</p>\r\n<p style=\"text-align: center; \"><b><span><br /></span></b></p>\r\n<p style=\"text-align: center; \"><b><span>EM DISCUSS\u00c3O \u00daNICA</span></b><b><span></span></b></p>\r\n<p style=\"text-align: justify; \"><a class=\"external-link\" href=\"https://sapl.adamantina.sp.leg.br/media/sapl/public/materialegislativa/2023/14614/46a_projeto_de_lei_015_m_013_-_projeto_de_lei_subvencao_para_apelos_e_patas_-_r_60_00000.pdf\" target=\"_blank\" title=\"\"><b>Projeto de Lei n\u00ba 0</b><b>15/2023</b></a><span> \u2013 PM \u2013 que \u201cDisp\u00f5e sobre autoriza\u00e7\u00e3o para a Prefeitura do Munic\u00edpio de Adamantina realizar a abertura de cr\u00e9dito adicional suplementar e repassar \u00e0 Organiza\u00e7\u00e3o N\u00e3o Governamental Apelos e Patas de Adamantina, sob a forma de subven\u00e7\u00e3o, recursos financeiros e d\u00e1 outras provid\u00eancias, no valor de R$ 60.000,00.\u201d</span></p>\r\n<p style=\"text-align: justify; \"><a class=\"external-link\" href=\"https://sapl.adamantina.sp.leg.br/media/sapl/public/materialegislativa/2023/14615/46a_projeto_de_lei_016_m_019_-_abertura_de_credito_r_100mil_-_ponto_de_onibus.pdf\" target=\"_blank\" title=\"\"><b><span>Projeto de Lei n\u00ba 0</span></b><b><span>16/2023</span></b></a> \u2013 PM \u2013 que \u201cDisp\u00f5e sobre autoriza\u00e7\u00e3o para <i>abertura de cr\u00e9dito adicional especial </i>ao Or\u00e7amento da Prefeitura do Munic\u00edpio de Adamantina no valor total de R$ 100.000,00 e d\u00e1 outras provid\u00eancias, para constru\u00e7\u00e3o de ponto de \u00f4nibus em v\u00e1rios locais da cidade.\u201d</p>\r\n<p style=\"text-align: justify; \"><a class=\"external-link\" href=\"https://sapl.adamantina.sp.leg.br/media/sapl/public/materialegislativa/2023/14617/46a_projeto_de_lei_018_m_027_-_abertura_de_credito_-_r_540.00000_-___ampliacao_de_area_para_o_cemiterio.pdf\" target=\"_blank\" title=\"\"><b><span>Projeto de Lei n\u00ba 0</span></b><b><span>18/2023</span></b></a> \u2013 PM \u2013 que \u201cDisp\u00f5e sobre autoriza\u00e7\u00e3o para <i>abertura de cr\u00e9dito especial </i>ao Or\u00e7amento da Prefeitura do Munic\u00edpio de Adamantina no valor total de R$ 540.000,00 e d\u00e1 outras provid\u00eancias, para amplia\u00e7\u00e3o do Cemit\u00e9rio Municipal.\u201d</p>\r\n<p style=\"text-align: justify; \"><a class=\"external-link\" href=\"https://sapl.adamantina.sp.leg.br/media/sapl/public/materialegislativa/2023/14618/46a_projeto_de_lei_019_m_028_-_autoriza_repassar_para_sta_casa_1_000_00000_atencao_basica_estadual.pdf\" target=\"_blank\" title=\"\"><b><span>Projeto de Lei n\u00ba 0</span></b><b><span>19/2023</span></b></a> \u2013 PM \u2013 que \u201cDisp\u00f5e sobre autoriza\u00e7\u00e3o para a Prefeitura do Munic\u00edpio de Adamantina abrir cr\u00e9dito especial e repassar \u00e0 Associa\u00e7\u00e3o Lar S\u00e3o Francisco de Assis na Provid\u00eancia de Deus \u2013 Santa Casa de Adamantina, aux\u00edlio financeiro e emergencial e d\u00e1 outras provid\u00eancias, no valor de R$ 1.000.000,00, recursos financeiros do Fundo Estadual da Sa\u00fade (Aten\u00e7\u00e3o B\u00e1sica).\u201d</p>\r\n<p style=\"text-align: justify; \"><a class=\"external-link\" href=\"https://sapl.adamantina.sp.leg.br/media/sapl/public/materialegislativa/2023/14620/46a_projeto_de_lei_021_m_029_abertura_de_credito_r_1.79000000_-_srt_e_pai_nossso_lar.pdf\" target=\"_blank\" title=\"\"><b><span>Projeto de Lei n\u00ba 0</span></b><b><span>21/2023</span></b></a> \u2013 PM \u2013 que \u201cDisp\u00f5e sobre autoriza\u00e7\u00e3o para <i>abertura de cr\u00e9dito especial </i>ao Or\u00e7amento da Prefeitura do Munic\u00edpio de Adamantina no valor total de R$ 1.790.000,00 e d\u00e1 outras provid\u00eancias, para implanta\u00e7\u00e3o de 02 (dois) SRT\u2019s \u2013 Servi\u00e7os Residenciais Terap\u00eauticos.\u201d</p>\r\n<p style=\"text-align: justify; \"><a class=\"external-link\" href=\"https://sapl.adamantina.sp.leg.br/media/sapl/public/materialegislativa/2023/14621/46a_projeto_de_lei_022_m_030_autoriza_repassar_para_sta_casa_r_94.57302_mac_estadual_proc__cirur.pdf\" target=\"_blank\" title=\"\"><b><span>Projeto de Lei n\u00ba 0</span></b><b><span>22/2023</span></b></a> \u2013 PM \u2013 que \u201cDisp\u00f5e sobre autoriza\u00e7\u00e3o para a Prefeitura do Munic\u00edpio de Adamantina abrir cr\u00e9dito adicional suplementar e repassar \u00e0 Associa\u00e7\u00e3o Lar S\u00e3o Francisco de Assis na Provid\u00eancia de Deus \u2013 Santa Casa de Adamantina, aux\u00edlio financeiro e emergencial e d\u00e1 outras provid\u00eancias no valor de R$94.573,20.\u201d</p>\r\n<p style=\"text-align: justify; \">\u00a0</p>\r\n<p style=\"text-align: center; \"><b><span>EM SEGUNDA DISCUSS\u00c3O E REDA\u00c7\u00c3O FINAL</span></b></p>\r\n<p style=\"text-align: justify; \"><a class=\"external-link\" href=\"https://sapl.adamantina.sp.leg.br/media/sapl/public/materialegislativa/2023/14566/45a_projeto_de_lei_complementar_007_m_014_-_dispoe_sobre_a_criacao_emprego_permanente_auxiliar_de_desenvolvimento_escolar__motorista_e_auxiliar_de_enfermagem_2.pdf\" target=\"_blank\" title=\"\"><b>Projeto de Lei</b><b> Complementar n\u00ba </b><b>007/2023</b></a><span> \u2013 PM \u2013 que \u201cDisp\u00f5e sobre a cria\u00e7\u00e3o de vagas de empregos permanentes de Auxiliar de Desenvolvimento Escolar, Motorista e Auxiliar de Enfermagem e altera\u00e7\u00e3o do Anexo I\u00a0 da Lei Complementar n.\u00ba 402, de 09 de agosto de 2022 e d\u00e1 outras provid\u00eancias.\u201d</span></p>\r\n<p style=\"text-align: justify; \"><span><br /></span></p>\r\n<p style=\"text-align: justify; \">Os projetos foram aprovados conforme as respectivas discuss\u00f5es, com exce\u00e7\u00e3o do Projeto de Lei n\u00ba 019/2023 que foi retirado da pauta para melhores estudos.</p>\r\n<p style=\"text-align: justify; \">A reuni\u00e3o contou com a presen\u00e7a de todos os vereadores.</p>\r\n<p style=\"text-align: justify; \">Assista na \u00edntegra a sess\u00e3o em nosso canal no <a class=\"external-link\" href=\"https://www.youtube.com/watch?v=_3LNP2Su52Q\" target=\"_blank\" title=\"\">YouTube</a>.</p>\r\n<p style=\"text-align: justify; \">Toda comunidade \u00e9 convidada a acompanhar as sess\u00f5es ao vivo pelo\u00a0<a class=\"external-link\" href=\"https://www.facebook.com/CamaraAdamantina\" target=\"_blank\" title=\"\">facebook</a>,\u00a0bem como pela\u00a0R\u00e1dio Cultura, 99,3 FM, TV Cidade e nosso canal no\u00a0<a class=\"external-link\" href=\"https://www.youtube.com/channel/UCzAAhbjCyaxL-tD4m-Zsd-g\" target=\"_blank\" title=\"\">Youtube</a>.</p>", "author_name": "", "version": "1.0", "author_url": "https://www.adamantina.sp.leg.br/author/adm", "provider_name": "C\u00e2mara Municipal de Adamantina", "type": "rich"}