{"provider_url": "https://www.adamantina.sp.leg.br", "title": "Resumo 2\u00aa Sess\u00e3o Ordin\u00e1ria", "html": "<p style=\"text-align: justify; \">Ontem, esta Casa de Leis realizou a 2\u00aa Sess\u00e3o Ordin\u00e1ria desta Legislatura.</p>\r\n<p style=\"text-align: justify; \">Conforme <a class=\"external-link\" href=\"https://sapl.adamantina.sp.leg.br/media/sapl/public/materialegislativa/2025/16291/circular_003_-_2a_sessao_ordinaria.pdf\" target=\"_blank\" title=\"\">Circular n\u00ba 003/2025</a>, foram apreciados e votados os projetos como segue:</p>\r\n<p style=\"text-align: center; \"><b><span>EM DISCUSS\u00c3O \u00daNICA</span></b></p>\r\n<p style=\"text-align: justify; \"><b><span></span></b><b style=\"text-align: justify; \"><a class=\"external-link\" href=\"https://sapl.adamantina.sp.leg.br/media/sapl/public/materialegislativa/2025/16210/1a_ordinaria_-_projeto_de_lei_001_-_m_001_-_altera_lei_3368_09_-_conselho_municipal_de_politica_urbana.pdf\" target=\"_blank\" title=\"\">Projeto de Lei n\u00ba 001/2025</a></b><span style=\"text-align: justify; \"> \u2013 PM \u2013 que \u201cAltera o Artigo 3\u00ba da Lei Municipal n.\u00ba 3.368, de 14 de setembro de 2009, que Estrutura o Conselho Municipal de Pol\u00edtica Urbana de Adamantina e d\u00e1 outras provid\u00eancias.\u201d</span></p>\r\n<p style=\"text-align: justify; \"><b><span><a class=\"external-link\" href=\"https://sapl.adamantina.sp.leg.br/media/sapl/public/materialegislativa/2025/16211/1a_ordinaria_-_projeto_de_lei_002_-_m_002_-__repasse_p_apae_-_emenda_dep_federal_marcio_alvino_-150.00000.pdf\" target=\"_blank\" title=\"\">Projeto de Lei n\u00ba 002/2025</a></span></b> \u2013 PM \u2013 que \u201cDisp\u00f5e sobre autoriza\u00e7\u00e3o para a Prefeitura do Munic\u00edpio de Adamantina abrir cr\u00e9dito adicional suplementar no valor de R$ 150.000,00 e repassar \u00e0 APAE - Associa\u00e7\u00e3o de Pais e Amigos dos Excepcionais de Adamantina recursos do Governo Federal (Emenda Parlamentar: Deputado Federal M\u00e1rcio Alvino) e d\u00e1 outras provid\u00eancias.\u201d</p>\r\n<p style=\"text-align: justify; \"><b><span><a class=\"external-link\" href=\"https://sapl.adamantina.sp.leg.br/media/sapl/public/materialegislativa/2025/16212/1a_ordinaria_-_projeto_de_lei_003_-_m_003_-_repasse_p_apae_-_emenda_dep_gilberto_nascimento_-500.00000.pdf\" target=\"_blank\" title=\"\">Projeto de Lei n\u00ba 003/2025</a></span></b> \u2013 PM \u2013 que \u201cDisp\u00f5e sobre autoriza\u00e7\u00e3o para a Prefeitura do Munic\u00edpio de Adamantina abrir cr\u00e9dito adicional suplementar no valor de R$ 500.000,00 e repassar \u00e0 APAE - Associa\u00e7\u00e3o de Pais e Amigos dos Excepcionais de Adamantina recursos do Governo Federal (Emenda Parlamentar: Deputado Federal Gilberto Nascimento) e d\u00e1 outras provid\u00eancias.\u201d</p>\r\n<p style=\"text-align: justify; \"><b><span><a class=\"external-link\" href=\"https://sapl.adamantina.sp.leg.br/media/sapl/public/materialegislativa/2025/16213/1a_ordinaria_-_projeto_de_lei_004_-_m_005_-_abertura_de_credito_suplementar_fai_-_r_3_720_00000.pdf\" target=\"_blank\" title=\"\">Projeto de Lei n\u00ba 004/2025</a></span></b> \u2013 PM \u2013 que \u201cDisp\u00f5e sobre autoriza\u00e7\u00e3o para abertura de cr\u00e9dito adicional suplementar ao Or\u00e7amento do Centro Universit\u00e1rio de Adamantina \u2013 FAI no valor total de R$ 3.720.000,00 (tr\u00eas milh\u00f5es e setecentos e vinte mil reais).\u201d</p>\r\n<p style=\"text-align: justify; \"><b><span><a class=\"external-link\" href=\"https://sapl.adamantina.sp.leg.br/media/sapl/public/materialegislativa/2025/16214/1a_ordinaria_-_projeto_de_lei_005_-_m_007_-__especial_assistencia_social-vig_socioassistencial_-_drads.pdf\" target=\"_blank\" title=\"\">Projeto de Lei n\u00ba 005/2025</a></span></b> \u2013 PM \u2013 que \u201cDisp\u00f5e sobre autoriza\u00e7\u00e3o para <i>abertura de cr\u00e9dito especial </i>para o Fundo Municipal de Assist\u00eancia social ao Or\u00e7amento da Prefeitura do Munic\u00edpio de Adamantina no valor total de R$ 34.280,00 e d\u00e1 outras provid\u00eancias.\u201d</p>\r\n<p style=\"text-align: justify; \"><b><span><a class=\"external-link\" href=\"https://sapl.adamantina.sp.leg.br/media/sapl/public/materialegislativa/2025/16215/1a_ordinaria_-_projeto_de_lei_006_-_m_008_-_nome_de_ruas_condominio_bellagio.pdf\" target=\"_blank\" title=\"\">Projeto de Lei n\u00ba 006/2025</a></span></b> \u2013 PM \u2013 que \u201cDisp\u00f5e sobre a denomina\u00e7\u00e3o de logradouros internos do Condom\u00ednio Bellagio Residencial Clube e d\u00e1 outras provid\u00eancias.\u201d</p>\r\n<p style=\"text-align: justify; \"><b><span><a class=\"external-link\" href=\"https://sapl.adamantina.sp.leg.br/media/sapl/public/materialegislativa/2025/16216/1a_ordinaria_-_projeto_de_lei_007_-_m_009_-_repasse_p_santa_casa_-_emenda_dep_federal_adriana_ventura_-150.00000.pdf\" target=\"_blank\" title=\"\">Projeto de Lei n\u00ba 007/2025</a></span></b> \u2013 PM \u2013 que \u201cDisp\u00f5e sobre autoriza\u00e7\u00e3o para a Prefeitura do Munic\u00edpio de Adamantina abrir cr\u00e9dito adicional suplementar no valor de R$ 150.000,00 e repassar \u00e0 Associa\u00e7\u00e3o Lar S\u00e3o Francisco de Assis na Provid\u00eancia de Deus (Santa Casa de Adamantina), recursos do Governo Federal (Emenda Parlamentar: Deputada Federal Adriana Ventura) e d\u00e1 outras provid\u00eancias.\u201d</p>\r\n<p style=\"text-align: justify; \"><b><span><a class=\"external-link\" href=\"https://sapl.adamantina.sp.leg.br/media/sapl/public/materialegislativa/2025/16217/1a_ordinaria_-_projeto_de_lei_008_-_m_010_-__saude_-_emenda_federal_-_dep_paulo_freire_costa_r_110.00000.pdf\" target=\"_blank\" title=\"\">Projeto de Lei n\u00ba 008/2025</a></span></b> \u2013 PM \u2013 que \u201cDisp\u00f5e sobre autoriza\u00e7\u00e3o para <i>abertura de cr\u00e9dito adicional suplementar </i>ao Or\u00e7amento da Prefeitura do Munic\u00edpio de Adamantina no valor total de R$ 110.000,00 e d\u00e1 outras provid\u00eancias, (Emenda Parlamentar: Deputado Paulo Freire Costa).\u201d</p>\r\n<p style=\"text-align: justify; \">\u00a0</p>\r\n<p style=\"text-align: center; \"><b><span>EM PRIMEIRA DISCUSS\u00c3O</span></b></p>\r\n<p style=\"text-align: justify; \"><b><a class=\"external-link\" href=\"https://sapl.adamantina.sp.leg.br/media/sapl/public/materialegislativa/2025/16221/1a_ordinaria_-_projeto_de_lei_complementar_002_-_m_006_-__cria_vagas_de_inspetor_de_alunos_de_escola_publica.pdf\" target=\"_blank\" title=\"\">Projeto de Lei Complementar n\u00ba 002/2025</a></b><span> \u2013 PM \u2013 que \u201cDisp\u00f5e sobre a cria\u00e7\u00e3o de vagas de empregos permanentes de vagas de Inspetor de Alunos de Escola P\u00fablica e altera\u00e7\u00e3o do Anexo I - Quadro de Pessoal Consolidado da Lei Complementar n.\u00ba 448, de 20 de mar\u00e7o de 2024 e d\u00e1 outras provid\u00eancias.\u201d</span></p>\r\n<p style=\"text-align: justify; \"><b><span><a class=\"external-link\" href=\"https://sapl.adamantina.sp.leg.br/media/sapl/public/materialegislativa/2025/16222/1a_ordinaria_-_projeto_de_lei_complementar_003_-_013_-_reajuste_dos_servidores_prefeitura_55.pdf\" target=\"_blank\" title=\"\">Projeto de Lei Complementar n\u00ba 003/2025</a></span></b> \u2013 PM \u2013 que \u201cDisp\u00f5e sobre a Revis\u00e3o Geral Anual dos Vencimentos, Proventos e Pens\u00f5es dos Servidores P\u00fablicos Ativos, Inativos e Pensionistas da Prefeitura do Munic\u00edpio de Adamantina.\u201d</p>\r\n<p style=\"text-align: justify; \"><b><span><a class=\"external-link\" href=\"https://sapl.adamantina.sp.leg.br/media/sapl/public/materialegislativa/2025/16223/1a_ordinaria_-_projeto_de_lei_complementar_004_-_m_014_-_reajuste_dos_servidores_fai.pdf\" target=\"_blank\" title=\"\">Projeto de Lei Complementar n\u00ba 004/2025</a></span></b> \u2013 PM \u2013 que \u201cDisp\u00f5e sobre a revis\u00e3o geral anual dos vencimentos, proventos e pens\u00f5es dos servidores p\u00fablicos ativos e inativos dos quadros administrativo e docente do Centro Universit\u00e1rio de Adamantina - FAI.\u201d</p>\r\n<p style=\"text-align: justify; \">Todos os projetos foram aprovados por unanimidade.</p>\r\n<p style=\"text-align: justify; \">Ainda, foram apresentados 19 Requerimentos e 29 Indica\u00e7\u00f5es.</p>\r\n<p>A reuni\u00e3o contou com a presen\u00e7a de todos os vereadores.</p>\r\n<p>Assista na \u00edntegra a sess\u00e3o em nosso Canal no\u00a0<a class=\"external-link\" href=\"https://www.youtube.com/watch?v=9r4f_RhPNEM\" target=\"_blank\" title=\"\">YouTube</a>.</p>\r\n<p>A 3\u00aa Sess\u00e3o Ordin\u00e1ria acontecer\u00e1 no dia 10 de mar\u00e7o de 2025.</p>\r\n<p>Toda comunidade \u00e9 convidada a acompanhar as sess\u00f5es ao vivo pelo\u00a0<a class=\"external-link\" href=\"https://www.facebook.com/CamaraAdamantina\" target=\"_blank\" title=\"\">facebook</a>,\u00a0bem como pela\u00a0R\u00e1dio Cultura e nosso canal no\u00a0<a class=\"external-link\" href=\"https://youtube.com/@cmatransmissao\" target=\"_blank\" title=\"\">Youtube</a>.</p>", "author_name": "", "version": "1.0", "author_url": "https://www.adamantina.sp.leg.br/author/adm", "provider_name": "C\u00e2mara Municipal de Adamantina", "type": "rich"}