{"provider_url": "https://www.adamantina.sp.leg.br", "title": "Resumo 2\u00aa Sess\u00e3o Extraordin\u00e1ria", "html": "<p style=\"text-align: justify; \">Hoje, 07, esta Casa de Leis realizou a 2\u00aa Sess\u00e3o Extraordin\u00e1ria desta Legislatura.</p>\r\n<p style=\"text-align: justify; \">Conforme <a class=\"external-link\" href=\"https://sapl.adamantina.sp.leg.br/media/sapl/public/materialegislativa/2021/12315/circular_012_2a_extra.pdf\" target=\"_blank\" title=\"\">Circular n\u00ba 012/21</a>, foram apreciados e votados,\u00a0<b>EM DISCUSS\u00c3O \u00daNICA</b><span>\u00a0</span></p>\r\n<p style=\"text-align: justify; \"><a class=\"external-link\" href=\"https://sapl.adamantina.sp.leg.br/media/sapl/public/materialegislativa/2021/12316/pl_029_-_msg_023-__revoga_lei_4020_-__autoriza_abertura_comercio_-_promulgada_pela_camara.pdf\" target=\"_blank\" title=\"\"><b><span>Projeto de Lei n\u00ba </span></b><b><span>029/2021</span></b></a> \u2013 PM \u2013 que \u201cDisp\u00f5e sobre a revoga\u00e7\u00e3o da Lei n\u00ba 4.020, de 1\u00ba de fevereiro de 2021, que autoriza o regular funcionamento dos estabelecimentos comerciais e prestadores de servi\u00e7o no Munic\u00edpio enquanto durar a propaga\u00e7\u00e3o da COVID-19.\u201d</p>\r\n<p style=\"text-align: justify; \"><b><span><a class=\"external-link\" href=\"https://sapl.adamantina.sp.leg.br/media/sapl/public/materialegislativa/2021/12317/pl_030_-_msg_025_-_subvencao_para_apelos_e_patas_-_54_00000.pdf\" target=\"_blank\" title=\"\">Projeto de Lei n\u00ba 030/2021</a></span></b> \u2013 PM \u2013 que \u201cDisp\u00f5e sobre autoriza\u00e7\u00e3o para a Prefeitura do Munic\u00edpio de Adamantina realizar a abertura de cr\u00e9dito adicional suplementar e repassar \u00e0 Organiza\u00e7\u00e3o N\u00e3o Governamental Apelos e Patas de Adamantina, sob a forma de subven\u00e7\u00e3o, recursos financeiros e d\u00e1 outras provid\u00eancias.\u201d (R$54.000,00)</p>\r\n<p style=\"text-align: justify; \"><b><span><a class=\"external-link\" href=\"https://sapl.adamantina.sp.leg.br/media/sapl/public/materialegislativa/2021/12318/pl_031_-_msg_026_-_autoriza_repassar_para_sta_casa_18.25000_-_portaria_estadual.pdf\" target=\"_blank\" title=\"\">Projeto de Lei n\u00ba 031/2021</a></span></b> \u2013 PM \u2013 que \u201cDisp\u00f5e sobre autoriza\u00e7\u00e3o para a Prefeitura do Munic\u00edpio de Adamantina repassar \u00e0 Irmandade da Santa Casa de Miseric\u00f3rdia de Adamantina, aux\u00edlio financeiro e emergencial e d\u00e1 outras provid\u00eancias.\u201d (R$ 18.250,00)</p>\r\n<p style=\"text-align: justify; \"><b><span><a class=\"external-link\" href=\"https://sapl.adamantina.sp.leg.br/media/sapl/public/materialegislativa/2021/12319/pl_032_-_msg_027_-_autoriza_repassar_para_sta_casa_480.000.00_port_gm_ms_373.21.pdf\" target=\"_blank\" title=\"\">Projeto de Lei n\u00ba 032/2021</a></span></b> \u2013 PM \u2013 que \u201cDisp\u00f5e sobre autoriza\u00e7\u00e3o para a Prefeitura do Munic\u00edpio de Adamantina repassar \u00e0 Irmandade da Santa Casa de Miseric\u00f3rdia de Adamantina, aux\u00edlio financeiro e emergencial e d\u00e1 outras provid\u00eancias.\u201d (R$ 480.000,00)</p>\r\n<p style=\"text-align: justify; \"><b><span><a class=\"external-link\" href=\"https://sapl.adamantina.sp.leg.br/media/sapl/public/materialegislativa/2021/12320/pl_033_-_msg_028_-_autoriza_repassar_para_sta_casa_424_800_-_portaria_estadual.pdf\" target=\"_blank\" title=\"\">Projeto de Lei n\u00ba 033/2021</a></span></b> \u2013 PM \u2013 que \u201cDisp\u00f5e sobre autoriza\u00e7\u00e3o para a Prefeitura do Munic\u00edpio de Adamantina repassar \u00e0 Irmandade da Santa Casa de Miseric\u00f3rdia de Adamantina, aux\u00edlio financeiro e emergencial e d\u00e1 outras provid\u00eancias.\u201d (R$ 424.800,00)</p>\r\n<p style=\"text-align: justify; \">Todos os projetos foram aprovados.</p>\r\n<p style=\"text-align: justify; \"><span>Assista na \u00edntegra a sess\u00e3o que foi transmitida pela nossa\u00a0</span><a class=\"external-link\" href=\"https://www.facebook.com/CamaraAdamantina/videos/526124888410228\" target=\"_blank\" title=\"\">fanpage</a><span>.</span></p>", "author_name": "", "version": "1.0", "author_url": "https://www.adamantina.sp.leg.br/author/adm", "provider_name": "C\u00e2mara Municipal de Adamantina", "type": "rich"}