{"provider_url": "https://www.adamantina.sp.leg.br", "title": "Resumo 2\u00aa Sess\u00e3o Extraordin\u00e1ria", "html": "<p style=\"text-align: justify; \">No dia 24 de Maio, a C\u00e2mara de Adamantina realizou a 2\u00aa Sess\u00e3o Extraordin\u00e1ria, que contou com a presen\u00e7a de todos os Vereadores onde foram apreciadas e votadas os projetos como segue:</p>\r\n<p style=\"text-align: justify; \"><b><span>* EM SEGUNDA DISCUSS\u00c3O E REDA\u00c7\u00c3O FINAL</span></b></p>\r\n<p style=\"text-align: justify; \"><b>- Projeto de Lei Complementar n\u00ba 013/17</b><span> \u2013 Mesa da C\u00e2mara \u2013 \u201cDisp\u00f5e sobre a revis\u00e3o e aumento real sobre os vencimentos dos sal\u00e1rios, proventos e pens\u00f5es dos servidores p\u00fablicos, inativos e pensionistas da C\u00e2mara Municipal de Adamantina e d\u00e1 outras provid\u00eancias.\u201d</span></p>\r\n<p style=\"text-align: justify; \"><b><span>- Projeto de Lei Complementar n\u00ba 017/17</span></b> \u2013 PM \u2013 que \u201cDisp\u00f5e sobre o estatuto, a estrutura administrativa e acad\u00eamica e organiza o quadro de pessoal do Centro Universit\u00e1rio de Adamantina.\u201d</p>\r\n<p style=\"text-align: justify; \"><strong>* EM PRIMEIRA DISCUSS\u00c3O</strong></p>\r\n<p style=\"text-align: justify; \"><b>- Projeto de Lei Complementar n\u00ba 018/17</b><span> \u2013 PM \u2013 que \u201cDisp\u00f5e sobre a revis\u00e3o geral anual dos vencimentos, proventos e pens\u00f5es dos servidores p\u00fablicos ativos e inativos dos quadros administrativo e docente das Faculdades Adamantinenses Integradas \u2013 FAI.\u201d</span></p>\r\n<p style=\"text-align: justify; \"><b><span>- Projeto de Lei Complementar n\u00ba 020/17</span></b> \u2013 PM \u2013 que \u201cInstitui o Programa de Parcelamento Incentivado \u2013 PPI \u00e0s Pessoas F\u00edsicas e Jur\u00eddicas do Munic\u00edpio de Adamantina \u2013 SP, de d\u00e9bitos inscritos ou n\u00e3o em d\u00edvida ativa, ajuizados ou n\u00e3o ajuizados e d\u00e1 outras provid\u00eancias.\u201d</p>\r\n<p style=\"text-align: justify; \">TODOS OS PROJETOS APRESENTADOS FORAM APROVADOS POR UNANIMIDADE, EM SEGUNDA DISCUSS\u00c3O E REDA\u00c7\u00c3O FINAL E EM PRIMEIRA DISCUSS\u00c3O, RESPECTIVAMENTE.</p>", "author_name": "adt", "version": "1.0", "author_url": "https://www.adamantina.sp.leg.br/author/adt", "provider_name": "C\u00e2mara Municipal de Adamantina", "type": "rich"}