{"provider_url": "https://www.adamantina.sp.leg.br", "title": "Resumo 29\u00aa Sess\u00e3o Ordin\u00e1ria", "html": "<p style=\"text-align: justify; \">Ontem, esta Casa de Leis realizou a 29\u00aa Sess\u00e3o Ordin\u00e1ria desta Legislatura.</p>\r\n<p style=\"text-align: justify; \">Conforme <a class=\"external-link\" href=\"https://sapl.adamantina.sp.leg.br/media/sapl/public/materialegislativa/2022/13812/29a_ordinaria_-_circular_n_025.pdf\" target=\"_blank\" title=\"\">Circular n\u00ba 029/2022</a> foram apreciados e votados,\u00a0<b>EM DISCUSS\u00c3O \u00daNICA</b> os projetos como segue:<span>\u00a0</span></p>\r\n<p style=\"text-align: justify; \"><b>* <a class=\"external-link\" href=\"https://sapl.adamantina.sp.leg.br/media/sapl/public/materialegislativa/2022/13772/28a_ord._pl_033_-_m_041_-_altera_artigo_1o_da_lei_4128_-_autoriza_repasse_santa_casa.pdf\" target=\"_blank\" title=\"\">Projeto de Lei n\u00ba 033/2022</a></b> \u2013 PM \u2013 que \u201cDisp\u00f5e sobre a altera\u00e7\u00e3o do artigo 1\u00ba da Lei Municipal n\u00ba 4.128, de 25 de abril de 2022\u201d.</p>\r\n<p style=\"text-align: justify; \"><b>* <a class=\"external-link\" href=\"https://sapl.adamantina.sp.leg.br/media/sapl/public/materialegislativa/2022/13773/28a_ord._pl_034_-_m_042-_autoriza_repassar_para_sta_casa_r_150000.pdf\" target=\"_blank\" title=\"\">Projeto de Lei n\u00ba 034/2022</a></b> \u2013 PM \u2013 que \u201cDisp\u00f5e sobre autoriza\u00e7\u00e3o para a Prefeitura do Munic\u00edpio de Adamantina abrir cr\u00e9dito adicional suplementar no valor de R$ 1.500,00 e passar \u00e0 Associa\u00e7\u00e3o Lar S\u00e3o Francisco de Assis na Provid\u00eancia de Deus, aux\u00edlio financeiro e emergencial e d\u00e1 outras provid\u00eancias\u201d.</p>\r\n<p style=\"text-align: justify; \"><b>* <a class=\"external-link\" href=\"https://sapl.adamantina.sp.leg.br/media/sapl/public/materialegislativa/2022/13774/28a__ord._pl_035_-_m_044_-__projeto_bolsa_preceptoria.pdf\" target=\"_blank\" title=\"\">Projeto de Lei n\u00ba 035/2022</a></b> \u2013 PM \u2013 que \u201cDisp\u00f5e sobre a concess\u00e3o de bolsa de preceptorial m\u00e9dica a profissionais m\u00e9dicos e d\u00e1 outras provid\u00eancias\u201d.</p>\r\n<p style=\"text-align: justify; \"><b>* <a class=\"external-link\" href=\"https://sapl.adamantina.sp.leg.br/media/sapl/public/materialegislativa/2022/13775/28a__ord._pl_036_-_m_045_-_doacao_de_terra_santa_casa.pdf\" target=\"_blank\" title=\"\">Projeto de Lei n\u00ba 036/2022</a></b> \u2013 PM \u2013 que \u201cDisp\u00f5e sobre autoriza\u00e7\u00e3o para que o Chefe do Poder Executivo possa doar at\u00e9 200m\u00b2 de terra \u00e0 Associa\u00e7\u00e3o Lar S\u00e3o Francisco de Assis na Provid\u00eancia de Deus (Santa Casa de Miseric\u00f3rdia de Adamantina), para o local onde vem sendo realizadas as obras do Pronto Socorro\u201d.</p>\r\n<p style=\"text-align: justify; \"><b>* <a class=\"external-link\" href=\"https://sapl.adamantina.sp.leg.br/media/sapl/public/materialegislativa/2022/13727/27a_ord._-_plc_012_-_m_40_-_altera_a_lc_94-2007_-_ferias_e_recesso_magisterio.pdf\" target=\"_blank\" title=\"\">Projeto de Lei Complementar n\u00ba 012/2022</a></b> \u2013 PM \u2013 que \u201cDisp\u00f5e sobre a altera\u00e7\u00e3o do Cap\u00edtulo X, da Lei Complementar Municipal n\u00ba 94, de 22 de novembro de 2007, e d\u00e1 outras provid\u00eancias\u201d.</p>\r\n<p style=\"text-align: justify; \">O Projeto de Lei Complementar n\u00ba 012/2022 foi retirado para melhores estudos, os demais Projetos de Lei foram aprovados por unanimidade.</p>\r\n<p style=\"text-align: justify; \">Ainda, foram apreciados e votados\u00a0<strong>9 Requerimentos</strong>,\u00a0<strong>23 Indica\u00e7\u00f5es</strong>,\u00a0<strong>2 Mo\u00e7\u00f5es de Congratula\u00e7\u00f5es e Aplausos</strong> e\u00a0<strong>1 Mo\u00e7\u00e3o de Solidariedade</strong>.</p>\r\n<p>A reuni\u00e3o contou com a presen\u00e7a de todos os vereadores</p>\r\n<p>Assista na \u00edntegra a sess\u00e3o em nossa p\u00e1gina no\u00a0<a class=\"external-link\" href=\"https://www.facebook.com/CamaraAdamantina/videos/1119412085281970/\" target=\"_blank\" title=\"\">Facebook</a>.</p>\r\n<p>A 30\u00aa Sess\u00e3o Ordin\u00e1ria realizar-se-\u00e1 no dia 06 de junho de 2022.</p>\r\n<p>Toda comunidade \u00e9 convidada a acompanhar as sess\u00f5es ao vivo pelo\u00a0<a class=\"external-link\" href=\"https://www.facebook.com/CamaraAdamantina\" target=\"_blank\" title=\"\">facebook</a>,\u00a0bem como pela\u00a0R\u00e1dio Cultura, 99,3 FM, Radio Joia 93,7 FM e TV Cidade.</p>", "author_name": "", "version": "1.0", "author_url": "https://www.adamantina.sp.leg.br/author/adm", "provider_name": "C\u00e2mara Municipal de Adamantina", "type": "rich"}