{"provider_url": "https://www.adamantina.sp.leg.br", "title": "Resumo 29\u00aa Sess\u00e3o Ordin\u00e1ria", "html": "<p style=\"text-align: justify; \">No \u00faltimo dia 07 de Maio, esta Casa de Leis realizou a 29\u00aa Sess\u00e3o Ordin\u00e1ria desta Legislatura.</p>\r\n<p style=\"text-align: justify; \">Foram apresentados\u00a0<strong>16 Requerimentos</strong>, e\u00a0<strong>28 Indica\u00e7\u00f5es</strong>.</p>\r\n<p style=\"text-align: justify; \">Ainda foram apreciados e votados, conforme Circular n\u00ba 015/18,\u00a0<b>EM DISCUSS\u00c3O \u00daNICA</b> os projetos abaixo:</p>\r\n<p style=\"text-align: justify; \"><b>Projeto de Lei n\u00ba 016/18</b><span> \u2013 PM \u2013 que \u201cDisp\u00f5e sobre autoriza\u00e7\u00e3o para abertura de cr\u00e9dito suplementar ao or\u00e7amento da Prefeitura do Munic\u00edpio de Adamantina no valor total de R$ 200.000,00 e d\u00e1 outras provid\u00eancias (recapeamento asf\u00e1ltico).\u201d</span></p>\r\n<p style=\"text-align: justify; \"><b><span>Projeto de Lei n\u00ba 017/18</span></b> \u2013 PM \u2013 que \u201cDisp\u00f5e sobre autoriza\u00e7\u00e3o para abertura de cr\u00e9dito suplementar ao Or\u00e7amento da Prefeitura do Munic\u00edpio de Adamantina no valor total de R$ 117.000,00 e d\u00e1 outras provid\u00eancias (referente ao recolhimento do Imposto de Renda do Bem.\u201d</p>\r\n<p style=\"text-align: justify; \"><b><span>Projeto de Lei n\u00ba 018/18</span></b> \u2013 PM \u2013 que \u201cAutoriza o Centro Universit\u00e1rio de Adamantina \u2013 UNIFAI a celebrar Conv\u00eanio com a Prefeitura do Munic\u00edpio de Adamantina para parcerias na \u00e1rea de extens\u00e3o sem repasse financeiro.</p>\r\n<p style=\"text-align: justify; \">TODOS OS PROJETOS FORAM APROVADOS POR UNANIMIDADE CONFORME A DISCUSS\u00c3O.</p>\r\n<p style=\"text-align: justify; \">Estiveram presentes todos os vereadores, a imprensa escrita e falada, bem como membros da comunidade adamantinense.</p>\r\n<p style=\"text-align: justify; \">A pr\u00f3xima reuni\u00e3o ser\u00e1 dia 21 de Maio no Plen\u00e1rio Vereador Jos\u00e9 Ikeda. Toda a comunidade \u00e9 convidada a comparecer.</p>", "author_name": "adt", "version": "1.0", "author_url": "https://www.adamantina.sp.leg.br/author/adt", "provider_name": "C\u00e2mara Municipal de Adamantina", "type": "rich"}