{"provider_url": "https://www.adamantina.sp.leg.br", "title": "Resumo 29\u00aa Sess\u00e3o Extraordin\u00e1ria", "html": "<p style=\"text-align: justify; \"><b>Hoje, 14, <b>conforme a Circular n\u00ba 019/19,\u00a0</b>esta Casa de Leis realizou a 29\u00aa Sess\u00e3o Extraordin\u00e1ria.\u00a0</b></p>\r\n<p style=\"text-align: justify; \"><b>Foram apreciados e votados os projetos como segue abaixo:</b></p>\r\n<p style=\"text-align: center; \"><b><span>********** EM DISCUSS\u00c3O \u00daNICA **********</span></b></p>\r\n<p style=\"text-align: justify; \"><b>Projeto de Lei n\u00ba 026/19</b><span> \u2013 PM \u2013 que \u201cDisp\u00f5e sobre autoriza\u00e7\u00e3o para abertura de cr\u00e9dito adicional suplementar ao Or\u00e7amento da Prefeitura do Munic\u00edpio de Adamantina no valor total de R$ 4.000.000,00 (quatro milh\u00f5es de reais) para refor\u00e7o das dota\u00e7\u00f5es no or\u00e7amento da UNIFAI, para adequa\u00e7\u00e3o e implanta\u00e7\u00e3o das unidades que receber\u00e3o os alunos em regime de internato do curso de Medicina (UTI/Santa Casa de Adamantina, Containers M\u00e9dicos e CIS) e d\u00e1 outras provid\u00eancias.\u201d</span></p>\r\n<p style=\"text-align: justify; \"><b><span>Projeto de Lei n\u00ba 027/19</span></b> \u2013 PM \u2013 que \u201cDisp\u00f5e sobre autoriza\u00e7\u00e3o para abertura de cr\u00e9dito adicional suplementar especial ao or\u00e7amento da Prefeitura do Munic\u00edpio de Adamantina no valor total de R$1.353.400,00 (um milh\u00e3o, trezentos e cinquenta e tr\u00eas mil e quatrocentos reais), objetivando refor\u00e7ar as dota\u00e7\u00f5es constantes da Lei Orgament\u00e1ria vigente e d\u00e1 outras provid\u00eancias.\u201d</p>\r\n<p style=\"text-align: justify; \"><b>********** EM SEGUNDA DISCUSS\u00c3O E REDA\u00c7\u00c3O FINAL **********</b></p>\r\n<p style=\"text-align: justify; \"><b>Projeto de Lei Complementar n\u00ba 007/19</b><span> \u2013 PM \u2013 que \u201cDisp\u00f5e sobre autoriza\u00e7\u00e3o para o Chefe do Poder Executivo alienar, por doa\u00e7\u00e3o \u00e0 empresa Valmir de Souza &amp; Cia. Ltda. EPP, inscrita no CNPJ sob o n\u00ba 02.729.063/0001-09 o im\u00f3vel que especifica.\u201d</span></p>\r\n<p style=\"text-align: justify; \"><b><span>Projeto de Lei Complementar n\u00ba 008/19</span></b> \u2013 PM \u2013 que \u201cDisp\u00f5e sobre autoriza\u00e7\u00e3o para o Chefe do Poder Executivo alienar, por doa\u00e7\u00e3o, \u00e0 empresa Valmir de Souza &amp; Cia. Ltda. EPP, inscrita no CNPJ sob o n\u00ba 02.729.063/0001-09 o im\u00f3vel que especifica.\u201d</p>\r\n<p style=\"text-align: justify; \">\u00a0TODOS OS PROJETOS FORAM APROVADOS POR UNANIMIDADE CONFORME AS RESPECTIVAS DISCUSS\u00d5ES.</p>", "author_name": "adt", "version": "1.0", "author_url": "https://www.adamantina.sp.leg.br/author/adt", "provider_name": "C\u00e2mara Municipal de Adamantina", "type": "rich"}