{"provider_url": "https://www.adamantina.sp.leg.br", "title": "Resumo 27\u00aa Sess\u00e3o Ordin\u00e1ria ", "html": "<p style=\"text-align: justify; \">No dia 13 de abril de 2026, esta Casa de Leis realizou a 27\u00aa Sess\u00e3o Ordin\u00e1ria desta Legislatura.</p>\r\n<p style=\"text-align: justify; \">Conforme <a class=\"external-link\" href=\"https://sapl.adamantina.sp.leg.br/media/sapl/public/sessaoplenaria/517/pauta/circular_15.pdf\" target=\"_blank\" title=\"\">Circular n\u00ba 015/2026</a> foram apreciados e votados, os projetos abaixo:</p>\r\n<p style=\"text-align: justify; \"><b><span>EM DISCUSS\u00c3O \u00daNICA</span></b><span>\u00a0</span></p>\r\n<p style=\"text-align: justify; \"><a class=\"external-link\" href=\"https://sapl.adamantina.sp.leg.br/media/sapl/public/materialegislativa/2026/17358/25a_projeto_de_lei_017_m_022_-_altera_lei_3859_18_-_funcoes_gratificadas_-_inclui_agente_d...pdf\" target=\"_self\" title=\"\"><b><span>Projeto de Lei n\u00ba </span></b><b><span>017/2026</span></b></a> \u2013 PM \u2013 que \u201cAltera o inciso II do \u00a72\u00ba do artigo 3\u00ba da Lei n\u00ba 3.859, de 12 de dezembro de 2018, que disp\u00f5e sobre a cria\u00e7\u00e3o de fun\u00e7\u00f5es gratificadas no \u00e2mbito da Administra\u00e7\u00e3o Direta do Poder Executivo Municipal.\u201d\u00a0<strong>(APROVADO)</strong></p>\r\n<p style=\"text-align: justify; \"><a class=\"external-link\" href=\"https://sapl.adamantina.sp.leg.br/media/sapl/public/materialegislativa/2026/17400/26a_projeto_de_lei_023_m_026_-_credito_especial_r_349.20000_-_pagamento_bolsas_iniciacao...pdf\" target=\"_blank\" title=\"\"><b><span>Projeto de Lei n\u00ba </span></b><b><span>023/2026</span></b></a> \u2013 PM \u2013 que \u201cDisp\u00f5e sobre autoriza\u00e7\u00e3o para abertura de cr\u00e9dito adicional especial ao Or\u00e7amento do Centro Universit\u00e1rio de Adamantina no valor total de R$ 349.200,00 (trezentos e quarenta e nove mil e duzentos reais) e d\u00e1 outras provid\u00eancias.\u201d\u00a0<strong>(APROVADO)</strong></p>\r\n<p style=\"text-align: justify; \">\u00a0</p>\r\n<p style=\"text-align: justify; \"><b><span>EM PRIMEIRA DISCUSS\u00c3O</span></b><span>\u00a0</span></p>\r\n<p style=\"text-align: justify; \"><a class=\"external-link\" href=\"https://sapl.adamantina.sp.leg.br/media/sapl/public/materialegislativa/2026/17398/26a_projeto_de_lei_021_daniel.pdf\" target=\"_blank\" title=\"\"><b><span>Projeto de Lei n\u00ba 0</span></b><b><span>21/2026</span></b></a> \u2013 Vereador Daniel Augusto da Silva Fabri \u2013 que \u201c Institui o Programa Municipal de Conscientiza\u00e7\u00e3o e Prote\u00e7\u00e3o Animal no \u00e2mbito da Rede Municipal de Ensino de Adamantina, e d\u00e1 outras provid\u00eancias\u201d\u00a0<strong>(APROVADO)</strong></p>\r\n<p style=\"text-align: justify; \"><a class=\"external-link\" href=\"https://sapl.adamantina.sp.leg.br/media/sapl/public/materialegislativa/2026/17399/26a_projeto_de_lei_022_daniel.pdf\" target=\"_blank\" title=\"\"><b><span>Projeto de Lei n\u00ba 0</span></b><b><span>22/2026</span></b></a> \u2013 Vereador Daniel Augusto da Silva Fabri \u2013 que \u201cEstabelece a Pol\u00edtica Municipal de Combate aos Maus-Tratos de Animais no Munic\u00edpio de Adamantina, determina multas e d\u00e1 outras provid\u00eancias.\u201d\u00a0<strong>(APROVADO)</strong></p>\r\n<p style=\"text-align: justify; \"><a class=\"external-link\" href=\"https://sapl.adamantina.sp.leg.br/media/sapl/public/materialegislativa/2026/17401/26a_projeto_de_lei_024_m_028_-_altera_lei_3368_09_-_conselho_municipal_de_politica_urbana_...pdf\" target=\"_blank\" title=\"\"><b><span>Projeto de Lei n\u00ba 0</span></b><b><span>24/2026</span></b></a> \u2013 PM \u2013 que \u201cAltera o Artigo 3\u00ba da Lei Municipal n.\u00ba 3.368, de 14 de setembro de 2009, que Estrutura o Conselho Municipal de Pol\u00edtica Urbana de Adamantina e d\u00e1 outras providencias.\u201d <b>(RETIRADO PARA MELHORES ESTUDOS)</b></p>\r\n<p style=\"text-align: justify; \"><a class=\"external-link\" href=\"https://sapl.adamantina.sp.leg.br/media/sapl/public/materialegislativa/2026/17402/26a_projeto_de_lei_complementar_008_m_029_-_dispoe_sobre_a_criacao_de_vagas_de_emprego_de_aux_atendimen...pdf\" target=\"_blank\" title=\"\"><b><span>Projeto de Lei </span></b><b><span>Complementar n\u00ba </span></b><b><span>008/2026</span></b></a> \u2013 PM \u2013 que \u201cDisp\u00f5e sobre a cria\u00e7\u00e3o de vagas dos empregos permanentes de Auxiliar de Atendimento Especializado e Auxiliar de Desenvolvimento Escolar, e altera\u00e7\u00e3o do Anexo I da Lei Complementar n\u00ba 467/2025, e d\u00e1 outras provid\u00eancias.\u201d\u00a0<strong>(APROVADO)</strong></p>\r\n<p style=\"text-align: justify; \">\u00a0</p>\r\n<p style=\"text-align: justify; \"><b><span>EM SEGUNDA DISCUSS\u00c3O E REDA\u00c7\u00c3O FINAL</span></b><span>\u00a0</span></p>\r\n<p style=\"text-align: justify; \"><b><span><a class=\"external-link\" href=\"https://sapl.adamantina.sp.leg.br/media/sapl/public/materialegislativa/2026/17355/25a_projeto_de_lei_014_daniel.pdf\" target=\"_blank\" title=\"\">Projeto de Lei n\u00ba 014/2026</a></span></b> \u2013 Vereador Daniel Augusto da Silva Fabri \u2013 que \u201c<strong>Institui o Programa Municipal de Ado\u00e7\u00e3o Respons\u00e1vel de Animais \u2018Adota Adamantina\u2019 e d\u00e1 outras provid\u00eancias.</strong>\u201d\u00a0<strong>(APROVADO)</strong></p>\r\n<p style=\"text-align: justify; \"><b><span><a class=\"external-link\" href=\"https://sapl.adamantina.sp.leg.br/media/sapl/public/materialegislativa/2026/17362/25a_projeto_de_lei_complementar_007.pdf\" target=\"_self\" title=\"\">Projeto de Lei Complementar n\u00ba 007/2026</a></span></b> \u2013 Mesa da C\u00e2mara \u2013 que \u201cDisp\u00f5e sobre o cumprimento do artigo 3\u00ba da Lei Complementar Federal n\u00ba 226, de 12/01/2026, para prever o c\u00f4mputo do per\u00edodo compreendido entre 28/05/2020 a 31/12/2021, para finalidade que especifica. (descongela)\u00a0<strong>(APROVADO)</strong></p>\r\n<p style=\"text-align: justify; \">Ainda, foram apresentados <strong>10 Requerimentos</strong>, <strong>19 Indica\u00e7\u00f5es</strong> e <strong>1 Mo\u00e7\u00e3o de Congratul\u00e7\u00f5es e Aplausos</strong>.</p>\r\n<p>A reuni\u00e3o contou com a presen\u00e7a de todos os vereadores</p>\r\n<p>Assista na \u00edntegra a sess\u00e3o em nosso canal no\u00a0<a class=\"external-link\" href=\"https://www.youtube.com/watch?v=bvWPajIQ5zk&amp;t=6524s\" target=\"_blank\" title=\"\">YouTube</a></p>\r\n<p>A 28\u00aa Sess\u00e3o Ordin\u00e1ria ser\u00e1 realizada no dia 04 de maiol de 2026.</p>\r\n<p>Toda comunidade \u00e9 convidada a acompanhar as sess\u00f5es ao vivo pelo\u00a0<a class=\"external-link\" href=\"https://www.facebook.com/CamaraAdamantina\" target=\"_blank\" title=\"\">facebook</a>,\u00a0bem como pela\u00a0R\u00e1dio Cultura, TV Folha Regional e nosso canal no\u00a0<a class=\"external-link\" href=\"https://youtube.com/@cmatransmissao\" target=\"_blank\" title=\"\">Youtube</a>.</p>", "author_name": "", "version": "1.0", "author_url": "https://www.adamantina.sp.leg.br/author/adm", "provider_name": "C\u00e2mara Municipal de Adamantina", "type": "rich"}