{"provider_url": "https://www.adamantina.sp.leg.br", "title": "Resumo 27\u00aa Sess\u00e3o Extraordin\u00e1ria", "html": "<p style=\"text-align: justify; \">Ontem, 13, esta Casa de Leis realizou a 27\u00aa Sess\u00e3o Extraordin\u00e1ria desta Legislatura.</p>\r\n<p style=\"text-align: justify; \">Conforme <a class=\"external-link\" href=\"https://sapl.adamantina.sp.leg.br/media/sapl/public/materialegislativa/2022/14348/circular_059.pdf\" target=\"_blank\" title=\"\">Circular n\u00ba 059/2022</a> foram apreciados e votados os projetos como segue:</p>\r\n<p style=\"text-align: center; \"><b><span>EM PRIMEIRA DISCUSS\u00c3O </span></b></p>\r\n<p style=\"text-align: justify; \">\u00a0</p>\r\n<p style=\"text-align: justify; \"><b><span><a class=\"external-link\" href=\"https://sapl.adamantina.sp.leg.br/media/sapl/public/materialegislativa/2022/14349/41a_projeto_de_lei_090_-_m_104_-_concessao_de_subvencoes_e_contribuicoes_-_2023_rev._lei_4176.pdf\" target=\"_blank\" title=\"\">Projeto de Lei n\u00ba 090/2022</a></span></b> \u2013 PM \u2013 que \u201cDisp\u00f5e sobre concess\u00e3o de subven\u00e7\u00f5es, aux\u00edlios, contribui\u00e7\u00f5es e conv\u00eanios, termo de colabora\u00e7\u00e3o/fomento\u201d.</p>\r\n<p style=\"text-align: justify; \">\u00a0</p>\r\n<p style=\"text-align: center; \"><b><span>EM DISCUSS\u00c3O \u00daNICA</span></b></p>\r\n<p style=\"text-align: justify; \">\u00a0</p>\r\n<p style=\"text-align: justify; \"><b><span><a class=\"external-link\" href=\"https://sapl.adamantina.sp.leg.br/media/sapl/public/materialegislativa/2022/14350/41a_projeto_de_lei_091_-_m_105_-_abertura_de_credito_suplementar_unifai_-_r_2.730.00000.pdf\" target=\"_blank\" title=\"\">Projeto de Lei n\u00ba 091/2022</a></span></b> \u2013 PM \u2013 que \u201cDisp\u00f5e sobre autoriza\u00e7\u00e3o para <i>abertura de cr\u00e9dito adicional suplementar </i>ao Or\u00e7amento da Prefeitura do Munic\u00edpio de Adamantina no valor total de R$ 2.730.000,00 (dois milh\u00f5es, setecentos e trinta mil reais)\u201d.</p>\r\n<p style=\"text-align: justify; \"><b><span><a class=\"external-link\" href=\"https://sapl.adamantina.sp.leg.br/media/sapl/public/materialegislativa/2022/14351/41a_projeto_de_lei_092_-_m_110_repasse__para_sta_casa_nosso_lar_e_apae_r_1.180.00000_teto_mac.pdf\" target=\"_blank\" title=\"\">Projeto de Lei n\u00ba 092/2022</a></span></b> \u2013 PM \u2013 que \u201cDisp\u00f5e sobre autoriza\u00e7\u00e3o para a Prefeitura do Munic\u00edpio de Adamantina abrir cr\u00e9dito adicional suplementar e repassar \u00e0 Associa\u00e7\u00e3o Lar S\u00e3o Francisco de Assis na Provid\u00eancia de Deus (Santa Casa de Adamantina), Clinica de Repouso Nosso Lar e APAE - Associa\u00e7\u00e3o de Pais e Amigos dos Excepcionais de Adamantina aux\u00edlio financeiro e emergencial e d\u00e1 outras provid\u00eancias\u201d.</p>\r\n<p style=\"text-align: justify; \">\u00a0</p>\r\n<p style=\"text-align: justify; \">Todos os projetos foram aprovados por unanimidade.</p>\r\n<p style=\"text-align: justify; \">A reuni\u00e3o contou com a presen\u00e7a de todos os vereadores.</p>\r\n<p style=\"text-align: justify; \"><span>Assista na \u00edntegra a sess\u00e3o em nossa p\u00e1gina no\u00a0</span><a class=\"external-link\" href=\"https://www.youtube.com/watch?v=o-opfbmHo2U\" target=\"_blank\" title=\"\">YouTube</a><span>.</span></p>\r\n<p>Toda comunidade \u00e9 convidada a acompanhar as sess\u00f5es ao vivo pelo\u00a0<a class=\"external-link\" href=\"https://www.facebook.com/CamaraAdamantina\" target=\"_blank\" title=\"\">facebook</a>,\u00a0bem como pela\u00a0R\u00e1dio Cultura, 99,3 FM, TV Cidade e nosso canal no\u00a0<a class=\"external-link\" href=\"https://www.youtube.com/channel/UCzAAhbjCyaxL-tD4m-Zsd-g\" target=\"_blank\" title=\"\">Youtube</a>.</p>", "author_name": "", "version": "1.0", "author_url": "https://www.adamantina.sp.leg.br/author/adm", "provider_name": "C\u00e2mara Municipal de Adamantina", "type": "rich"}